{"id":84,"date":"2009-09-26T19:54:32","date_gmt":"2009-09-26T19:54:32","guid":{"rendered":""},"modified":"2020-10-27T09:21:14","modified_gmt":"2020-10-27T08:21:14","slug":"la-mort-du-philosophe-jean-philibert-damiron-1862","status":"publish","type":"post","link":"https:\/\/www.textesrares.com\/pages\/philo-du-xixe-en-france-articles\/la-mort-du-philosophe-jean-philibert-damiron-1862.html","title":{"rendered":"La mort du philosophe Jean Philibert Damiron, 1862"},"content":{"rendered":"<p><em>Jean Philibert Damiron [1794-1862], ancien titulaire de la chaire d\u2019Histoire de la philosophie moderne \u00e0 la Facult\u00e9 des lettres de Paris [1845 \u00e0 1856]&nbsp;; membre depuis 1836, de l&rsquo;Acad\u00e9mie des sciences morales et politiques, section de philosophie&nbsp;; ami de toujours de Victor Cousin, dont il a \u00e9t\u00e9 l\u2019\u00e9l\u00e8ve \u00e0 l\u2019\u00c9cole normale, meurt dans la fin d\u2019apr\u00e8s midi du samedi 11 janvier 1862.&nbsp;<\/em><\/p>\n\n\n<!--more-->\n\n\n<p><!--[if gte mso 9]><xml>  <w:WordDocument>   <w:View>Normal<\/w:View>   <w:Zoom>0<\/w:Zoom>   <w:HyphenationZone>21<\/w:HyphenationZone>   <w:PunctuationKerning\/>   <w:ValidateAgainstSchemas\/>   <w:SaveIfXMLInvalid>false<\/w:SaveIfXMLInvalid>   <w:IgnoreMixedContent>false<\/w:IgnoreMixedContent>   <w:AlwaysShowPlaceholderText>false<\/w:AlwaysShowPlaceholderText>   <w:Compatibility>    <w:BreakWrappedTables\/>    <w:SnapToGridInCell\/>    <w:WrapTextWithPunct\/>    <w:UseAsianBreakRules\/>    <w:DontGrowAutofit\/>   <\/w:Compatibility>   <w:BrowserLevel>MicrosoftInternetExplorer4<\/w:BrowserLevel>  <\/w:WordDocument> <\/xml><![endif]--><!--[if gte mso 9]><xml>  <w:LatentStyles DefLockedState=\"false\" LatentStyleCount=\"156\">  <\/w:LatentStyles> <\/xml><![endif]--> <!--  \/* Font Definitions *\/  @font-face {font-family:Verdana; panose-1:2 11 6 4 3 5 4 4 2 4; mso-font-charset:0; mso-generic-font-family:swiss; mso-font-pitch:variable; mso-font-signature:536871559 0 0 0 415 0;}  \/* Style Definitions *\/  p.MsoNormal, li.MsoNormal, div.MsoNormal {mso-style-parent:\"\"; margin:0cm; margin-bottom:.0001pt; mso-pagination:widow-orphan; font-size:12.0pt; font-family:\"Times New Roman\"; mso-fareast-font-family:\"Times New Roman\";} @page Section1 {size:612.0pt 792.0pt; margin:70.85pt 70.85pt 70.85pt 70.85pt; mso-header-margin:36.0pt; mso-footer-margin:36.0pt; mso-paper-source:0;} div.Section1 {page:Section1;} --> <!--[if gte mso 10]> \n\n<style>  \/* Style Definitions *\/  table.MsoNormalTable {mso-style-name:\"Tableau Normal\"; mso-tstyle-rowband-size:0; mso-tstyle-colband-size:0; mso-style-noshow:yes; mso-style-parent:\"\"; mso-padding-alt:0cm 5.4pt 0cm 5.4pt; mso-para-margin:0cm; mso-para-margin-bottom:.0001pt; mso-pagination:widow-orphan; font-size:10.0pt; font-family:\"Times New Roman\"; mso-ansi-language:#0400; mso-fareast-language:#0400; mso-bidi-language:#0400;} <\/style>\n\n <![endif]--><!--[if gte mso 9]><xml>  <o:shapedefaults v:ext=\"edit\" spidmax=\"1026\"\/> <\/xml><![endif]--><!--[if gte mso 9]><xml>  <o:shapelayout v:ext=\"edit\">   <o:idmap v:ext=\"edit\" data=\"1\"\/>  <\/o:shapelayout><\/xml><![endif]-->Dans une lettre, en date du lundi 13 janvier 1862, r\u00e9dig\u00e9e \u00e0 Paris, le jour m\u00eame des obs\u00e8ques, et adress\u00e9e \u00e0 V. Cousin, \u00c9. Saisset fournit des d\u00e9tails.  <\/p>\n<p>\u00ab Paris, lundi soir, 13 janvier 1862<\/p>\n<p>Mon cher ma\u00eetre,<\/p>\n<p>Nous venons de remplir un devoir bien douloureux, en conduisant au cimeti\u00e8re Montmartre votre fid\u00e8le disciple, votre cher camarade et ami, M. Damiron. C\u2019est M. L\u00e9lut qui a port\u00e9 la parole au nom de l\u2019Institut. D\u00e9sign\u00e9 tardivement par le doyen, j\u2019ai d\u00fb, en quelques heures, me recueillir et tracer \u00e0 la h\u00e2te quelques pages, o\u00f9 il y a un d\u00e9sordre et une \u00e9motion trop ais\u00e9s \u00e0 expliquer. Que n\u2019\u00e9tiez-vous l\u00e0 pour rendre \u00e0 M. Damiron un t\u00e9moignage digne de lui ! J\u2019en ai exprim\u00e9 le regret en votre nom, bien s\u00fbr de r\u00e9pondre \u00e0 vos sentiments. <\/p>\n<p>M. Damiron s\u2019est \u00e9teint sans agonie, sans la moindre douleur. Il revenait de l\u2019Acad\u00e9mie, o\u00f9 il avait achev\u00e9 d\u2019une voix assez ferme la lecture de son m\u00e9moire sur Condillac. Il rentre chez lui, passe dans son cabinet, et s\u2019y assied un livre \u00e0 la main. Un quart d\u2019heure apr\u00e8s, on frappe \u00e0 sa porte, on entre, on le trouve sans souffle et sans voix, les mains paisiblement jointes, comme celle d\u2019un homme qui s\u2019est endormi en lisant. Le visage seul portait un caract\u00e8re extraordinaire. La bouche \u00e9tait tr\u00e8s ouverte et tous les traits frapp\u00e9s d\u2019une sorte de d\u00e9cr\u00e9pitude. On a envoy\u00e9 chercher un m\u00e9decin, qui a essay\u00e9 une saign\u00e9e ; mais le sang n\u2019a presque pas coul\u00e9, et le sentiment n\u2019est pas revenu. On parle d\u2019apoplexie pulmonaire. <\/p>\n<p>J\u2019ai remarqu\u00e9, aux obs\u00e8ques, sans parler de M. Mignet et de M. L\u00e9lut, j\u2019ai remarqu\u00e9 M. le duc de Broglie, M. Vitet, M. Villemain, extr\u00eamement abattu ; beaucoup d\u2019autres personnes notables ; tous les visages \u00e9taient empreints d\u2019une sinc\u00e8re \u00e9motion. <\/p>\n<p>J\u2019ai eu plusieurs fois de vos nouvelles, mon cher ma\u00eetre, gr\u00e2ce \u00e0 l\u2019obligeance de l\u2019excellent docteur Bertrand de Saint-Germain. Combien je serais heureux d\u2019apprendre par lui et par vous, que l\u2019air de la Provence a gu\u00e9ri votre gorge et r\u00e9tabli votre sant\u00e9 ! <\/p>\n<p>Veuillez agr\u00e9er l\u2019expression de mes sentiments de respect et d\u2019attachement. <\/p>\n<p>Em. Saisset.<\/p>\n<p>Rue de Grenelle-Saint-Germain, 82 \u00bb.<\/p>","protected":false},"excerpt":{"rendered":"<p><em>Jean Philibert Damiron [1794-1862], ancien titulaire de la chaire d&rsquo;Histoire de la philosophie moderne &agrave; la Facult&eacute; des lettres de Paris [1845 &agrave; 1856]&nbsp;; membre depuis 1836, de l&#39;Acad&eacute;mie des sciences morales et politiques, section de philosophie&nbsp;; ami de toujours de Victor Cousin, dont il a &eacute;t&eacute; l&rsquo;&eacute;l&egrave;ve &agrave; l&rsquo;&Eacute;cole normale, meurt dans la fin d&rsquo;apr&egrave;s midi du samedi 11 janvier 1862.&nbsp;<\/em><\/p>\n","protected":false},"author":1,"featured_media":0,"comment_status":"closed","ping_status":"closed","sticky":false,"template":"","format":"standard","meta":{"footnotes":""},"categories":[34],"tags":[],"class_list":["post-84","post","type-post","status-publish","format-standard","hentry","category-philo-du-xixe-en-france-articles"],"_links":{"self":[{"href":"https:\/\/www.textesrares.com\/pages\/wp-json\/wp\/v2\/posts\/84","targetHints":{"allow":["GET"]}}],"collection":[{"href":"https:\/\/www.textesrares.com\/pages\/wp-json\/wp\/v2\/posts"}],"about":[{"href":"https:\/\/www.textesrares.com\/pages\/wp-json\/wp\/v2\/types\/post"}],"author":[{"embeddable":true,"href":"https:\/\/www.textesrares.com\/pages\/wp-json\/wp\/v2\/users\/1"}],"replies":[{"embeddable":true,"href":"https:\/\/www.textesrares.com\/pages\/wp-json\/wp\/v2\/comments?post=84"}],"version-history":[{"count":2,"href":"https:\/\/www.textesrares.com\/pages\/wp-json\/wp\/v2\/posts\/84\/revisions"}],"predecessor-version":[{"id":1737,"href":"https:\/\/www.textesrares.com\/pages\/wp-json\/wp\/v2\/posts\/84\/revisions\/1737"}],"wp:attachment":[{"href":"https:\/\/www.textesrares.com\/pages\/wp-json\/wp\/v2\/media?parent=84"}],"wp:term":[{"taxonomy":"category","embeddable":true,"href":"https:\/\/www.textesrares.com\/pages\/wp-json\/wp\/v2\/categories?post=84"},{"taxonomy":"post_tag","embeddable":true,"href":"https:\/\/www.textesrares.com\/pages\/wp-json\/wp\/v2\/tags?post=84"}],"curies":[{"name":"wp","href":"https:\/\/api.w.org\/{rel}","templated":true}]}}