{"id":77,"date":"2009-05-15T21:51:43","date_gmt":"2009-05-15T21:51:43","guid":{"rendered":""},"modified":"2023-03-30T21:02:00","modified_gmt":"2023-03-30T19:02:00","slug":"ex-libris-des-xixe-et-xxe-siecles","status":"publish","type":"post","link":"https:\/\/www.textesrares.com\/pages\/Ex-libris\/ex-libris-des-xixe-et-xxe-siecles.html","title":{"rendered":"Ex-libris des XIXe et XXe si\u00e8cles"},"content":{"rendered":"<p><em>Quelques ex-libris des XVIIIe, XIXe et XXe si\u00e8cles. <br \/><\/em><\/p>\n\n\n<!--more-->\n\n\n<p><strong>Ex-libris de Benjamin Delessert,<\/strong> environ 7 x 6 cm. Benjamin Delessert [1773-1847]. Homme politique et financier. Cr\u00e9ateur, en 1818, de la Caisse d&rsquo;\u00c9pargne de Paris.\u00c9lu membre libre de l&rsquo;Acad\u00e9mie des sciences, le 8 juillet 1816, comme botaniste et conchyliologiste.L\u00e8gue une partie de sa biblioth\u00e8que \u00e0 l&rsquo;Institut de France.<\/p>\n<p><\/p>\n<figure class=\"wp-block-image size-full\"><img loading=\"lazy\" decoding=\"async\" width=\"800\" height=\"685\" class=\"wp-image-2093\" src=\"https:\/\/www.textesrares.com\/pages\/wp-content\/uploads\/2023\/03\/Delessert-1.jpg\" alt=\"\" srcset=\"https:\/\/www.textesrares.com\/pages\/wp-content\/uploads\/2023\/03\/Delessert-1.jpg 800w, https:\/\/www.textesrares.com\/pages\/wp-content\/uploads\/2023\/03\/Delessert-1-300x257.jpg 300w, https:\/\/www.textesrares.com\/pages\/wp-content\/uploads\/2023\/03\/Delessert-1-768x658.jpg 768w\" sizes=\"auto, (max-width: 767px) 89vw, (max-width: 1000px) 54vw, (max-width: 1071px) 543px, 580px\" \/><\/figure>\n<p><\/p>\n<p><strong>Ex-libris. Origine inconnue.<\/strong><\/p>\n<p><\/p>\n<figure class=\"wp-block-image aligncenter size-full\"><img loading=\"lazy\" decoding=\"async\" width=\"359\" height=\"500\" class=\"wp-image-2094\" src=\"https:\/\/www.textesrares.com\/pages\/wp-content\/uploads\/2023\/03\/P101.jpg\" alt=\"\" srcset=\"https:\/\/www.textesrares.com\/pages\/wp-content\/uploads\/2023\/03\/P101.jpg 359w, https:\/\/www.textesrares.com\/pages\/wp-content\/uploads\/2023\/03\/P101-215x300.jpg 215w\" sizes=\"auto, (max-width: 359px) 100vw, 359px\" \/><\/figure>\n<p><\/p>\n<p><strong>Ex-libris de Ferrabouc, m\u00e9decin militaire.<\/strong> L\u2019illustration repr\u00e9sente l\u2019h\u00f4pital du Val-de-Gr\u00e2ce \u00e0 Paris. Il s\u2019agit vraisemblablement de Claude Ferrabouc, qui fut peut-\u00eatre g\u00e9n\u00e9ral.<\/p>\n<p><\/p>\n<figure class=\"wp-block-image\"><div class=\"wp-block-image\">\n<figure class=\"aligncenter size-full\"><img loading=\"lazy\" decoding=\"async\" width=\"360\" height=\"500\" class=\"wp-image-2097\" src=\"https:\/\/www.textesrares.com\/pages\/wp-content\/uploads\/2023\/03\/P102.jpg\" alt=\"\" srcset=\"https:\/\/www.textesrares.com\/pages\/wp-content\/uploads\/2023\/03\/P102.jpg 360w, https:\/\/www.textesrares.com\/pages\/wp-content\/uploads\/2023\/03\/P102-216x300.jpg 216w\" sizes=\"auto, (max-width: 360px) 100vw, 360px\" \/><\/figure><\/div><\/figure>\n<p><\/p>\n<p><strong>Ex-libris. Origine inconnue.<\/strong> L\u2019illustration repr\u00e9sente un chat grimp\u00e9 sur une pile de livres. Initiales T. C. Un texte \u00e9crit sur la page d\u2019un livre ouvert dit : Le souvenir et l\u2019esp\u00e9rance c\u2019est la vie.<\/p>\n<p><\/p>\n<figure class=\"wp-block-image aligncenter size-full\"><img loading=\"lazy\" decoding=\"async\" width=\"341\" height=\"500\" class=\"wp-image-2095\" src=\"https:\/\/www.textesrares.com\/pages\/wp-content\/uploads\/2023\/03\/P105.jpg\" alt=\"\" srcset=\"https:\/\/www.textesrares.com\/pages\/wp-content\/uploads\/2023\/03\/P105.jpg 341w, https:\/\/www.textesrares.com\/pages\/wp-content\/uploads\/2023\/03\/P105-205x300.jpg 205w\" sizes=\"auto, (max-width: 341px) 100vw, 341px\" \/><\/figure>\n<p><\/p>\n<p><strong>Ex-libris du chevalier de Lacalpren\u00e8de.<\/strong> C\u2019est peut-\u00eatre le cordon de l\u2019ordre de Saint-Louis qui entoure son nom ; ou tout autre d\u00e9coration.<\/p>\n<p><\/p>\n<figure class=\"wp-block-image aligncenter size-full\"><img loading=\"lazy\" decoding=\"async\" width=\"343\" height=\"500\" class=\"wp-image-2099\" src=\"https:\/\/www.textesrares.com\/pages\/wp-content\/uploads\/2023\/03\/P116.jpg\" alt=\"\" srcset=\"https:\/\/www.textesrares.com\/pages\/wp-content\/uploads\/2023\/03\/P116.jpg 343w, https:\/\/www.textesrares.com\/pages\/wp-content\/uploads\/2023\/03\/P116-206x300.jpg 206w\" sizes=\"auto, (max-width: 343px) 100vw, 343px\" \/><\/figure>\n<p><\/p>\n<p><strong>Ex-libris d\u2019un certain Renata de Gennes.<\/strong><\/p>\n<p><\/p>\n<figure class=\"wp-block-image aligncenter size-full\"><img loading=\"lazy\" decoding=\"async\" width=\"323\" height=\"500\" class=\"wp-image-2102\" src=\"https:\/\/www.textesrares.com\/pages\/wp-content\/uploads\/2023\/03\/P125.jpg\" alt=\"\" srcset=\"https:\/\/www.textesrares.com\/pages\/wp-content\/uploads\/2023\/03\/P125.jpg 323w, https:\/\/www.textesrares.com\/pages\/wp-content\/uploads\/2023\/03\/P125-194x300.jpg 194w\" sizes=\"auto, (max-width: 323px) 100vw, 323px\" \/><\/figure>\n<p><\/p>\n<p><strong>Ex-libris inconnu.<\/strong> Ce n\u2019est pas un brouillon. Semble une esquisse dessin\u00e9e \u00e0 la h\u00e2te, mais avec s\u00fbret\u00e9.<\/p>\n<p><\/p>\n<figure class=\"wp-block-image aligncenter size-full\"><img loading=\"lazy\" decoding=\"async\" width=\"374\" height=\"500\" class=\"wp-image-2104\" src=\"https:\/\/www.textesrares.com\/pages\/wp-content\/uploads\/2023\/03\/P128.jpg\" alt=\"\" srcset=\"https:\/\/www.textesrares.com\/pages\/wp-content\/uploads\/2023\/03\/P128.jpg 374w, https:\/\/www.textesrares.com\/pages\/wp-content\/uploads\/2023\/03\/P128-224x300.jpg 224w\" sizes=\"auto, (max-width: 374px) 100vw, 374px\" \/><\/figure>\n<p><\/p>\n<p><strong>Ex-libris d\u2019Henriette Sergy.<\/strong><\/p>\n<p><\/p>\n<figure class=\"wp-block-image aligncenter size-full\"><img loading=\"lazy\" decoding=\"async\" width=\"453\" height=\"500\" class=\"wp-image-2106\" src=\"https:\/\/www.textesrares.com\/pages\/wp-content\/uploads\/2023\/03\/P131.jpg\" alt=\"\" srcset=\"https:\/\/www.textesrares.com\/pages\/wp-content\/uploads\/2023\/03\/P131.jpg 453w, https:\/\/www.textesrares.com\/pages\/wp-content\/uploads\/2023\/03\/P131-272x300.jpg 272w\" sizes=\"auto, (max-width: 453px) 100vw, 453px\" \/><\/figure>\n<p><\/p>\n<p><strong>Les Schilizzi s<\/strong>ont une grande famille de commer\u00e7ants, originaires de Gr\u00e8ce [Chios], dont les descendants, toujours actifs, se sont \u00e9tablis en partie en Italie [Livourne] ; une autre partie en Angleterre [Londres].<\/p>\n<p><\/p>\n<figure class=\"wp-block-image aligncenter size-full\"><img loading=\"lazy\" decoding=\"async\" width=\"550\" height=\"576\" class=\"wp-image-2111\" src=\"https:\/\/www.textesrares.com\/pages\/wp-content\/uploads\/2023\/03\/yeni-ex-libris.jpg\" alt=\"\" srcset=\"https:\/\/www.textesrares.com\/pages\/wp-content\/uploads\/2023\/03\/yeni-ex-libris.jpg 550w, https:\/\/www.textesrares.com\/pages\/wp-content\/uploads\/2023\/03\/yeni-ex-libris-286x300.jpg 286w\" sizes=\"auto, (max-width: 550px) 100vw, 550px\" \/><\/figure>\n<p><\/p>\n<p><\/p>\n<p><strong>Ex-libris armori\u00e9 de Lucas de Lestanville<\/strong>, 7 x 6 cm. Les Lucas Lestanville sont une grand famille de la r\u00e9gion de Rouen, en Normandie. Il s\u2019agit peut-\u00eatre de l\u2019ex-libris\u00a0 de Fr\u00e9d\u00e9ric Louis Lucas de Lestanville\u00a0 [1790-1860].<\/p>\n<p><\/p>\n<figure class=\"wp-block-image aligncenter size-full\"><img loading=\"lazy\" decoding=\"async\" width=\"700\" height=\"598\" class=\"wp-image-2113\" src=\"https:\/\/www.textesrares.com\/pages\/wp-content\/uploads\/2023\/03\/lestanville.jpg\" alt=\"\" srcset=\"https:\/\/www.textesrares.com\/pages\/wp-content\/uploads\/2023\/03\/lestanville.jpg 700w, https:\/\/www.textesrares.com\/pages\/wp-content\/uploads\/2023\/03\/lestanville-300x256.jpg 300w\" sizes=\"auto, (max-width: 700px) 100vw, 700px\" \/><\/figure>\n<p><strong><\/strong><\/p>\n<p><strong><!-- [if gte mso 10]> \n\n<style>  \/* Style Definitions *\/  table.MsoNormalTable {mso-style-name:\"Tableau Normal\"; mso-tstyle-rowband-size:0; mso-tstyle-colband-size:0; mso-style-noshow:yes; mso-style-parent:\"\"; mso-padding-alt:0cm 5.4pt 0cm 5.4pt; mso-para-margin:0cm; mso-para-margin-bottom:.0001pt; mso-pagination:widow-orphan; font-size:10.0pt; font-family:\"Times New Roman\"; mso-ansi-language:#0400; mso-fareast-language:#0400; mso-bidi-language:#0400;} <\/style>\n\n <![endif]-->Ex-libris du chevalier de Fleurieu.<\/strong> Charles Pierre Claret de Fleurieu [1738-1810]. Ministre de la Marine et des Colonies [26 octobre 1790-15 avril 1791]. \u00c9lu membre de l\u2019Institut national le 10 d\u00e9cembre 17951[9 frimaire an IV], dans la deuxi\u00e8me Classe des Sciences morales et politiques [deuxi\u00e8me classe], section de G\u00e9ographie, au moment de la cr\u00e9ation de l\u2019Institut par le Directoire.<\/p>\n<p><\/p>\n<figure class=\"wp-block-image aligncenter size-full\"><img loading=\"lazy\" decoding=\"async\" width=\"400\" height=\"652\" class=\"wp-image-2116\" src=\"https:\/\/www.textesrares.com\/pages\/wp-content\/uploads\/2023\/03\/fleurieu.jpg\" alt=\"\" srcset=\"https:\/\/www.textesrares.com\/pages\/wp-content\/uploads\/2023\/03\/fleurieu.jpg 400w, https:\/\/www.textesrares.com\/pages\/wp-content\/uploads\/2023\/03\/fleurieu-184x300.jpg 184w\" sizes=\"auto, (max-width: 400px) 100vw, 400px\" \/><\/figure>\n<p><\/p>\n<p><\/p>\n<figure class=\"wp-block-image aligncenter size-full\"><img loading=\"lazy\" decoding=\"async\" width=\"500\" height=\"311\" class=\"wp-image-2117\" src=\"https:\/\/www.textesrares.com\/pages\/wp-content\/uploads\/2023\/03\/fleurieu-detail.jpg\" alt=\"\" srcset=\"https:\/\/www.textesrares.com\/pages\/wp-content\/uploads\/2023\/03\/fleurieu-detail.jpg 500w, https:\/\/www.textesrares.com\/pages\/wp-content\/uploads\/2023\/03\/fleurieu-detail-300x187.jpg 300w\" sizes=\"auto, (max-width: 500px) 100vw, 500px\" \/><\/figure>\n<p><\/p>\n<p><!-- [if gte mso 9]><xml>  <w:WordDocument>   <w:View>Normal<\/w:View>   <w:Zoom>0<\/w:Zoom>   <w:HyphenationZone>21<\/w:HyphenationZone>   <w:PunctuationKerning\/>   <w:ValidateAgainstSchemas\/>   <w:SaveIfXMLInvalid>false<\/w:SaveIfXMLInvalid>   <w:IgnoreMixedContent>false<\/w:IgnoreMixedContent>   <w:AlwaysShowPlaceholderText>false<\/w:AlwaysShowPlaceholderText>   <w:Compatibility>    <w:BreakWrappedTables\/>    <w:SnapToGridInCell\/>    <w:WrapTextWithPunct\/>    <w:UseAsianBreakRules\/>    <w:DontGrowAutofit\/>   <\/w:Compatibility>   <w:BrowserLevel>MicrosoftInternetExplorer4<\/w:BrowserLevel>  <\/w:WordDocument> <\/xml><![endif]--><!-- [if gte mso 9]><xml>  <w:LatentStyles DefLockedState=\"false\" LatentStyleCount=\"156\">  <\/w:LatentStyles> <\/xml><![endif]--><!-- [if !mso]><object  classid=\"clsid:38481807-CA0E-42D2-BF39-B33AF135CC4D\" id=ieooui><\/object> \n\n<style> st1\\:*{behavior:url(#ieooui) } <\/style>\n\n <![endif]--> <!--  \/* Font Definitions *\/  @font-face {font-family:Verdana; panose-1:2 11 6 4 3 5 4 4 2 4; mso-font-charset:0; mso-generic-font-family:swiss; mso-font-pitch:variable; mso-font-signature:536871559 0 0 0 415 0;}  \/* Style Definitions *\/  p.MsoNormal, li.MsoNormal, div.MsoNormal {mso-style-parent:\"\"; margin:0cm; margin-bottom:.0001pt; mso-pagination:widow-orphan; font-size:12.0pt; font-family:\"Times New Roman\"; mso-fareast-font-family:\"Times New Roman\";} @page Section1 {size:595.0pt 842.0pt; margin:70.85pt 70.85pt 70.85pt 70.85pt; mso-header-margin:35.4pt; mso-footer-margin:35.4pt; mso-paper-source:0;} div.Section1 {page:Section1;} --> <!-- [if gte mso 10]> \n\n<style>  \/* Style Definitions *\/  table.MsoNormalTable {mso-style-name:\"Tableau Normal\"; mso-tstyle-rowband-size:0; mso-tstyle-colband-size:0; mso-style-noshow:yes; mso-style-parent:\"\"; mso-padding-alt:0cm 5.4pt 0cm 5.4pt; mso-para-margin:0cm; mso-para-margin-bottom:.0001pt; mso-pagination:widow-orphan; font-size:10.0pt; font-family:\"Times New Roman\"; mso-ansi-language:#0400; mso-fareast-language:#0400; mso-bidi-language:#0400;} <\/style>\n\n <![endif]--><\/p>\n<p><strong>Entrelacs d\u2019initiales : C, D, B. Gravure de Stern.<\/strong> Cet ex-libris orne un exemplaire de <em>La J\u00e9rusalem d\u00e9livr\u00e9e<\/em>, po\u00e8me traduit de l\u2019italien. Nouvelle \u00e9dition, revue et corrig\u00e9e enrichie de la vie du Tasse [Paris : Bossange et Masson. 2 tomes 1813]<\/p>\n\n<div class=\"wp-block-image\">\n<figure class=\"aligncenter size-full\"><img loading=\"lazy\" decoding=\"async\" width=\"700\" height=\"559\" src=\"https:\/\/www.textesrares.com\/pages\/wp-content\/uploads\/2023\/03\/tasse.jpg\" alt=\"\" class=\"wp-image-2118\" srcset=\"https:\/\/www.textesrares.com\/pages\/wp-content\/uploads\/2023\/03\/tasse.jpg 700w, https:\/\/www.textesrares.com\/pages\/wp-content\/uploads\/2023\/03\/tasse-300x240.jpg 300w\" sizes=\"auto, (max-width: 700px) 100vw, 700px\" \/><\/figure><\/div>","protected":false},"excerpt":{"rendered":"<p><em>Quelques ex-libris des XVIIIe, XIXe et XXe si&egrave;cles. <br \/><\/em><\/p>\n","protected":false},"author":1,"featured_media":0,"comment_status":"closed","ping_status":"closed","sticky":false,"template":"","format":"standard","meta":{"footnotes":""},"categories":[36],"tags":[],"class_list":["post-77","post","type-post","status-publish","format-standard","hentry","category-Ex-libris"],"_links":{"self":[{"href":"https:\/\/www.textesrares.com\/pages\/wp-json\/wp\/v2\/posts\/77","targetHints":{"allow":["GET"]}}],"collection":[{"href":"https:\/\/www.textesrares.com\/pages\/wp-json\/wp\/v2\/posts"}],"about":[{"href":"https:\/\/www.textesrares.com\/pages\/wp-json\/wp\/v2\/types\/post"}],"author":[{"embeddable":true,"href":"https:\/\/www.textesrares.com\/pages\/wp-json\/wp\/v2\/users\/1"}],"replies":[{"embeddable":true,"href":"https:\/\/www.textesrares.com\/pages\/wp-json\/wp\/v2\/comments?post=77"}],"version-history":[{"count":9,"href":"https:\/\/www.textesrares.com\/pages\/wp-json\/wp\/v2\/posts\/77\/revisions"}],"predecessor-version":[{"id":2121,"href":"https:\/\/www.textesrares.com\/pages\/wp-json\/wp\/v2\/posts\/77\/revisions\/2121"}],"wp:attachment":[{"href":"https:\/\/www.textesrares.com\/pages\/wp-json\/wp\/v2\/media?parent=77"}],"wp:term":[{"taxonomy":"category","embeddable":true,"href":"https:\/\/www.textesrares.com\/pages\/wp-json\/wp\/v2\/categories?post=77"},{"taxonomy":"post_tag","embeddable":true,"href":"https:\/\/www.textesrares.com\/pages\/wp-json\/wp\/v2\/tags?post=77"}],"curies":[{"name":"wp","href":"https:\/\/api.w.org\/{rel}","templated":true}]}}