{"id":2433,"date":"2025-10-10T16:00:32","date_gmt":"2025-10-10T14:00:32","guid":{"rendered":"https:\/\/www.textesrares.com\/pages\/?p=2433"},"modified":"2025-10-10T16:00:34","modified_gmt":"2025-10-10T14:00:34","slug":"louis-cappelle-louis-1811-1879-un-normalien-a-la-carriere-exclusivement-parisienne","status":"publish","type":"post","link":"https:\/\/www.textesrares.com\/pages\/Histoire-de-l-education\/louis-cappelle-louis-1811-1879-un-normalien-a-la-carriere-exclusivement-parisienne.html","title":{"rendered":"Louis Cappelle Louis (1811-1879), un Normalien \u00e0 la carri\u00e8re exclusivement parisienne"},"content":{"rendered":"\n<p>Apr\u00e8s avoir \u00e9t\u00e9 nomm\u00e9 \u00e0 Versailles, qui d\u00e9pend de l&rsquo;acad\u00e9mie de Paris, Louis Cappelle (1811-1879), titulaire d&rsquo;une agr\u00e9gation de grammaire, m\u00e8ne toute sa carri\u00e8re universitaire \u00e0 Paris : coll\u00e8ge Charlemagne et coll\u00e8ge Louis-le-Grand.<\/p>\n\n\n\n<!--more-->\n\n\n\n<p>Louis [Albert] Cappelle [1811-1879] : N\u00e9 le 19 d\u00e9cembre 1811, \u00e0 Paris [Seine] ; mort le 24 juin 1879, \u00e0 Paris [Seine].<br>\u00c9l\u00e8ve du coll\u00e8ge royal d\u2019Orl\u00e9ans [Loiret].<\/p>\n\n\n\n<p>1829<br>ANCIEN \u00c9L\u00c8VE DE L&rsquo;\u00c9COLE NORMALE<br>Ancien \u00e9l\u00e8ve de l\u2019\u00c9cole normale [\u00c9cole pr\u00e9paratoire 25 octobre 1829]. 6\/11.<br>Sont re\u00e7us \u00e0 l&rsquo;\u00c9cole pr\u00e9paratoire, comme \u00e9l\u00e8ves pensionnaires, pour une scolarit\u00e9 de deux ans, par ordre de classement : Jean Baptiste Vendry\u00e8s [1809-1893] ; Jean Dabas [1810-1878] ; Henri Monin [1809-1866] ; Denis Roux [1809-1856] ; Alexandre Huguenin [1810-1862] ; Louis Cappelle [1811-1879] ; \u00c9milien Hamel [1809-1889] ; Fran\u00e7ois Collet [1806-1872] ; Edward Barry [1809-1879] ; Pierre Lafaist [1809-1867] ; Alexandre Desmaroux [1808-1836].<\/p>\n\n\n\n<p>1831<br>AGR\u00c9GATION DE GRAMMAIRE<br>Agr\u00e9gation de grammaire [14 octobre 1831]. 3\/8.<br>Sont re\u00e7us \u00e0 l\u2019agr\u00e9gation de grammaire en 1831 : Michel Gu\u00e9rard [1808-1888], ancien \u00e9l\u00e8ve de l\u2019\u00c9cole normale [\u00c9cole pr\u00e9paratoire, 1828] ; Louis Sarret [1804-1852] ; Louis Cappelle [1811-1879], \u00e9l\u00e8ve sortant de l\u2019\u00c9cole normale [\u00c9cole pr\u00e9paratoire. 1829] ; Henri Huguet ; Fran\u00e7ois Commeau [c.1810-1863] ; Jean Monbet ; Charles Brionne ; Joseph Estienne.<\/p>\n\n\n\n<p>1831<br>COLL\u00c8GE ROYAL DE VERSAILLES<br>Apr\u00e8s l&rsquo;agr\u00e9gation de grammaire Louis Cappelle est nomm\u00e9, le 24 octobre 1831, professeur divisionnaire de sixi\u00e8me au coll\u00e8ge royal de Versailles [d\u00e9partement de Seine-et-Oise ; acad\u00e9mie de Paris], en remplacement de H\u00e9rail.<br>Les deux enseignants en classe de sixi\u00e8me sont : Hippolyte Marchand [c.1802-1888], ancien \u00e9l\u00e8ve de l&rsquo;\u00c9cole normale [1821], d\u00e9j\u00e0 en poste et Louis Cappelle [1811-1879].<\/p>\n\n\n\n<p>1832<br>COLL\u00c8GE ROYAL DE CHARLEMAGNE<br>Nomm\u00e9, le 30 septembre 1832, professeur divisionnaire de sixi\u00e8me \u00e0 Paris au coll\u00e8ge royal Charlemagne.<br>Puis en cinqui\u00e8me [2 octobre 1837], de quatri\u00e8me [octobre 1838].<br>Nomm\u00e9 professeur titulaire de cinqui\u00e8me au coll\u00e8ge Charlemagne [4 novembre 1844].<\/p>\n\n\n\n<p>1852<br>CHARG\u00c9 DES FONCTIONS DE CENSEUR AU LYC\u00c9E CHARLEMAGNE<br>Louis Cappelle est charg\u00e9, le 1er avril 1852, et pour quelques mois seulement, des fonctions de censeur au lyc\u00e9e imp\u00e9rial de Charlemagne, en remplacement d&rsquo;Alexandre Maugeret [1792-1852], censeur du 16 septembre 1841 au 1er avril 1852, et qui vient d&rsquo;obtenir un cong\u00e9.<br>Travaille aupr\u00e8s d\u2019Auguste Poirson [1795-1871], proviseur du 1er mars 1837 au 19 avril 1853.<br>Reste en poste jusqu&rsquo;au 10 septembre 1852. Est alors remplac\u00e9 comme censeur par Nicolas H\u00e9lie Broca [1814-1887], censeur d\u2019ao\u00fbt 1852 au 14 ao\u00fbt 1872, puis proviseur [14 ao\u00fbt 1872-21 septembre 1878].<\/p>\n\n\n\n<p>1854<br>PROFESSEUR DE CINQUI\u00c8ME AU LYC\u00c9E-LOUIS-LE-GRAND<br>Nomm\u00e9, le 27 septembre 1854, professeur titulaire de cinqui\u00e8me au lyc\u00e9e imp\u00e9rial Louis-le-Grand, en remplacement de Jean Charles Ribout [1799-1854], ancien \u00e9l\u00e8ve de l&rsquo;\u00c9cole normale [1818], agr\u00e9g\u00e9 de grammaire [1825] et agr\u00e9g\u00e9 des lettres [1837].<\/p>\n\n\n\n<p>Compte tenu du nombre l&rsquo;\u00e9l\u00e8ves, plus de mille, il ya deux enseignants de classe de cinqui\u00e8me : \u00e0 c\u00f4t\u00e9 de Louis Cappelle, en 1854, Eug\u00e8ne Fallex [1824-1905], ancien \u00e9l\u00e8ve de l&rsquo;\u00c9cole normale sup\u00e9rieure, agr\u00e9g\u00e9 de grammaire [1844], est &lt; adjoint &gt;.<\/p>\n\n\n\n<p>Obtient un cong\u00e9 d&rsquo;un an, en 1855-1856.<\/p>\n\n\n\n<p>1864<br>PROFESSEUR DE QUATRI\u00c8ME AU LYC\u00c9E-LOUIS-LE-GRAND<br>Louis Cappelle est professeur de quatri\u00e8me au lyc\u00e9e imp\u00e9rial Louis-le-Grand, de 1864-1865 jusqu&rsquo;en 1871.<br>Il succ\u00e8de dans ce poste \u00e0 Charlemagne Cuvillier [1825-1909], professeur de quatri\u00e8me de 1861 \u00e0 1864.<\/p>\n\n\n\n<p>Il y a, en 1865, cinq enseignants affect\u00e9s \u00e0 la classe de quatri\u00e8me. Dans l&rsquo;ordre de pr\u00e9sentation de l&rsquo;Almanach imp\u00e9rial : Alexandre Cartault [1813-1918], ancien \u00e9l\u00e8ve de l\u2019\u00c9cole normale [1837], agr\u00e9g\u00e9 de grammaire [1839] ; Louis Cappelle [1811-1879] ; Jean Louis Bressant [1822-1880], ancien \u00e9l\u00e8ve de l\u2019\u00c9cole normale [1843], agr\u00e9g\u00e9 de grammaire [1846] [anciennement divisionnaire en quatri\u00e8me] titulaire ; Auguste Chambon [1823-1899], ancien \u00e9l\u00e8ve de l\u2019\u00c9cole normale [1841], agr\u00e9g\u00e9 de grammaire [1844] ; Joseph \u00c9tienne Pesse [1815-apr\u00e8s 1879], agr\u00e9g\u00e9 de grammaire [1849].<\/p>\n\n\n\n<p>1852<br>D\u00c9CORATION<br>Chevalier de la L\u00e9gion d&rsquo;honneur [14 ao\u00fbt 1852].<\/p>\n\n\n\n<p>SOURCES<br>Gustave Dupont-Ferrier. [La Vie quotidienne d\u2019un coll\u00e8ge parisien pendant plus de trois cent cinquante ans] Du coll\u00e8ge de Clermont au lyc\u00e9e Louis le Grand [1563-1920]. Tome 3. Page 129. Notice n\u00b0 571 [Paris : E. de Boccard, \u00e9diteur, 1925]. Fournit les dates pr\u00e9cises des diff\u00e9rentes nominations.<\/p>\n\n\n\n<p>Notice n\u00e9crologique Association des anciens \u00e9l\u00e8ves de l&rsquo;\u00c9cole normale. 11 janvier 1880, pages 13-20. Sign\u00e9e Casimir Gaillardin.<\/p>\n","protected":false},"excerpt":{"rendered":"<p>Apr\u00e8s avoir \u00e9t\u00e9 nomm\u00e9 \u00e0 Versailles, qui d\u00e9pend de l&rsquo;acad\u00e9mie de Paris, Louis Cappelle (1811-1879), titulaire d&rsquo;une agr\u00e9gation de grammaire, m\u00e8ne toute sa carri\u00e8re universitaire \u00e0 Paris : coll\u00e8ge Charlemagne et coll\u00e8ge Louis-le-Grand.<\/p>\n","protected":false},"author":1,"featured_media":0,"comment_status":"closed","ping_status":"closed","sticky":false,"template":"","format":"standard","meta":{"footnotes":""},"categories":[46],"tags":[],"class_list":["post-2433","post","type-post","status-publish","format-standard","hentry","category-Histoire-de-l-education"],"_links":{"self":[{"href":"https:\/\/www.textesrares.com\/pages\/wp-json\/wp\/v2\/posts\/2433","targetHints":{"allow":["GET"]}}],"collection":[{"href":"https:\/\/www.textesrares.com\/pages\/wp-json\/wp\/v2\/posts"}],"about":[{"href":"https:\/\/www.textesrares.com\/pages\/wp-json\/wp\/v2\/types\/post"}],"author":[{"embeddable":true,"href":"https:\/\/www.textesrares.com\/pages\/wp-json\/wp\/v2\/users\/1"}],"replies":[{"embeddable":true,"href":"https:\/\/www.textesrares.com\/pages\/wp-json\/wp\/v2\/comments?post=2433"}],"version-history":[{"count":1,"href":"https:\/\/www.textesrares.com\/pages\/wp-json\/wp\/v2\/posts\/2433\/revisions"}],"predecessor-version":[{"id":2434,"href":"https:\/\/www.textesrares.com\/pages\/wp-json\/wp\/v2\/posts\/2433\/revisions\/2434"}],"wp:attachment":[{"href":"https:\/\/www.textesrares.com\/pages\/wp-json\/wp\/v2\/media?parent=2433"}],"wp:term":[{"taxonomy":"category","embeddable":true,"href":"https:\/\/www.textesrares.com\/pages\/wp-json\/wp\/v2\/categories?post=2433"},{"taxonomy":"post_tag","embeddable":true,"href":"https:\/\/www.textesrares.com\/pages\/wp-json\/wp\/v2\/tags?post=2433"}],"curies":[{"name":"wp","href":"https:\/\/api.w.org\/{rel}","templated":true}]}}