{"id":2375,"date":"2025-04-05T21:01:42","date_gmt":"2025-04-05T19:01:42","guid":{"rendered":"https:\/\/www.textesrares.com\/pages\/?p=2375"},"modified":"2025-04-05T21:01:43","modified_gmt":"2025-04-05T19:01:43","slug":"ancelin-charles-francois-1764-1836-proviseur-du-lycee-de-mayence","status":"publish","type":"post","link":"https:\/\/www.textesrares.com\/pages\/Histoire-de-l-education\/ancelin-charles-francois-1764-1836-proviseur-du-lycee-de-mayence.html","title":{"rendered":"Ancelin, Charles Fran\u00e7ois (1764-1836), proviseur du lyc\u00e9e de Mayence"},"content":{"rendered":"\n<p>Dans la p\u00e9riode contrast\u00e9e qui va de la Monarchie \u00e0 la R\u00e9publique puis \u00e0 l&rsquo;Empire, Charles Fran\u00e7ois Ancelin poursuit une carri\u00e8re universitaire, qui ne s&rsquo;arr\u00eate qu&rsquo;avec la Restauration.<br>En ayant assum\u00e9 des fonctions d&rsquo;autorit\u00e9 comme censeur et proviseur, aussi bien \u00e0 Rouen, qu&rsquo;\u00e0 Mayence, dans les territoires annex\u00e9s sur la rive gauche du Rhin.<\/p>\n\n\n\n<!--more-->\n\n\n\n<p>Charles Fran\u00e7ois Ancelin [1764-1836]. N\u00e9 le 1er mai 1764&nbsp;; mort en 1836, \u00e0 Bray [Aisne].<\/p>\n\n\n\n<p>1783<br>MA\u00ceTRE D&rsquo;\u00c9TUDES AU COLL\u00c8GE DE NAVARRE.<br>En 1783, ma\u00eetre d&rsquo;\u00e9tudes, \u00e0 Paris, au coll\u00e8ge de Navarre [rue de la Montagne Sainte-Genevi\u00e8ve, \u00e0 l&#8217;emplacement ult\u00e9rieur de l&rsquo;\u00c9cole Polytechnique].<br>C&rsquo;est l&rsquo;un des dix coll\u00e8ges parisiens de plein exercice de l&rsquo;Universit\u00e9 de Paris, c&rsquo;est \u00e0 dire assurant toutes les classes, \u00e0 savoir : Louis-le-Grand ; Coll\u00e8ge du Cardinal Lemoine, des Grassins, d\u2019Harcourt, de La Marche, Lisieux, Montaigu, Navarre, du Plessis, des Quatre-Nations.&nbsp;<\/p>\n\n\n\n<p>Charles Fran\u00e7ois Ancelin y reste en poste jusqu&rsquo;en 1790.<br>Tandis que le d\u00e9cret de la Convention nationale du 29 juin 1793, prononce la suppression de tous les coll\u00e8ges de plein exercice des diff\u00e9rentes Facult\u00e9s.<\/p>\n\n\n\n<p>1808<br>CENSEUR DES \u00c9TUDES AU LYC\u00c9E DE ROUEN.<br>En 1808, Charles Fran\u00e7ois Ancelin est nomm\u00e9 censeur des \u00e9tudes au lyc\u00e9e imp\u00e9rial de Rouen [Seine-Inf\u00e9rieure], en remplacement de Calais, censeur du 31 octobre 1803 \u00e0 1808.<br>Travaille aupr\u00e8s de Bernard Dugardin [NNN-1818], proviseur d&rsquo;octobre 1804 au 11 octobre 1810.<br>Alors qu&rsquo;en 1810, il est nomm\u00e9 \u00e0 Mayence, Charles Fran\u00e7ois Ancelin est remplac\u00e9 \u00e0 Rouen, par Devins des Ervilles, censeur en 1810 et 1811.<\/p>\n\n\n\n<p>1810<br>CENSEUR DES \u00c9TUDES AU LYC\u00c9E DE MAYENCE.<br>Charles Fran\u00e7ois Ancelin est nomm\u00e9 en 1810, censeur des \u00e9tudes au lyc\u00e9e de Mayence [d\u00e9partement du Mont-Tonnerre&nbsp;; acad\u00e9mie de Mayence], en remplacement de Friedrich Butenschoen [1764-1842], censeur de 1805 \u00e0 1810, promu inspecteur de l&rsquo;acad\u00e9mie.<br>Le lyc\u00e9e de Mayence [d\u00e9partement du Mont-Tonnerre&nbsp;; acad\u00e9mie de Mayence] a \u00e9t\u00e9 fond\u00e9 par un d\u00e9cret consulaire en date du 24 vend\u00e9miaire an XI [16 octobre 1802]. Pr\u00e9vu initialement pour \u00eatre \u00e9tabli le 1er messidor an XI [20 juin 1803] le lyc\u00e9e est finalement install\u00e9 pour fonctionner la premi\u00e8re ann\u00e9e scolaire 1804-1805.<\/p>\n\n\n\n<p>Charles Fran\u00e7ois Ancelin travaille aupr\u00e8s de Philippe Basse, proviseur du 20 juin 1803 au 11 octobre 1811.<br>Charles Fran\u00e7ois Ancelin reste en poste comme censeur des \u00e9tudes jusqu\u2019au 11 octobre 1811, date de sa nomination comme proviseur.<br>Est remplac\u00e9 par Jean Baptiste Lerond [1771-1848], censeur du 21 d\u00e9cembre 1811 au 7 f\u00e9vrier 1814.<\/p>\n\n\n\n<p>1811<br>PROVISEUR DU LYC\u00c9E DE MAYENCE.<br>Charles Fran\u00e7ois Ancelin est promu proviseur du lyc\u00e9e de Mayence, le 11 octobre 1811 en remplacement de Philippe Basse, proviseur du 20 juin 1803 au 11 octobre 1811.<br>Est assist\u00e9 par Jean Baptiste Lerond [1771-1848], censeur des \u00e9tudes, comme suppl\u00e9ant [21 d\u00e9cembre 1811-25 septembre 1812], comme censeur en titre [25 septembre 1812-7 f\u00e9vrier 1814].<br>Charles Fran\u00e7ois Ancelin reste en poste comme proviseur jusqu\u2019au 7 octobre 1814.<\/p>\n\n\n\n<p>Fr\u00e9d\u00e9ric Lehn\u00e9 [1771-1836] est procureur-g\u00e9rant [\u00e9conome].<br>F\u00e9rino est aum\u00f4nier catholique ; Fr\u00e9d\u00e9ric Christian Nonweiler [1778-NNN], pasteur protestant.<\/p>\n\n\n\n<p>1814<br>SUPPRESSION DU D\u00c9PARTEMENT DU MONT-TONNERRE.<br>La division administrative du d\u00e9partement du Mont-Tonnerre, annex\u00e9 par la France le 4 octobre 1797, \u00e9tant supprim\u00e9e par le Trait\u00e9 de Paris du 11 avril 1814, le lyc\u00e9e de Mayence ne rel\u00e8ve plus de l\u2019Universit\u00e9 fran\u00e7aise.<\/p>\n\n\n\n<p>1803-1814<br>LISTE DES CENSEURS DES \u00c9TUDES AU LYC\u00c9E DE MAYENCE.<br>Le 10 juin 1803 : Louis Fran\u00e7ois Alexandre Boucly, dit Boucly jeune [1747-1812].<br>Ant\u00e9rieurement professeur de seconde au coll\u00e8ge de Montaigu [1783-1793].<br>En poste comme censeur des \u00e9tudes au lyc\u00e9e de Mayence jusqu&rsquo;en 1804, ann\u00e9e de sa nomination comme proviseur du lyc\u00e9e imp\u00e9rial de Besan\u00e7on [Doubs].<br>Revient en 1809, \u00e0 la fois comme proviseur du lyc\u00e9e de Mayence, et comme recteur de l&rsquo;acad\u00e9mie de Mayence, l&rsquo;arrondissement de l&rsquo;acad\u00e9mie de Mayence s&rsquo;\u00e9tendant sur les d\u00e9partements : du Mont-Tonnerre [chef-lieu&nbsp;: Mayence] ; de Rhin-et-Moselle [chef-lieu&nbsp;: Coblence]&nbsp;; de la Sarre [chef-lieu&nbsp;: Tr\u00eaves].<br>Louis Fran\u00e7ois Alexandre Boucly d\u00e9c\u00e8de le 22 mars 1812, \u00e0 Mayence, alors qu&rsquo;il est proviseur du lyc\u00e9e et en m\u00eame temps recteur de l&rsquo;acad\u00e9mie.<\/p>\n\n\n\n<p>En 1804-1805 : pas de censeur des \u00e9tudes au lyc\u00e9e de Mayence.<\/p>\n\n\n\n<p>En 1805 : Friedrich Butenschoen [1764-1842]. Ant\u00e9rieurement professeur d&rsquo;histoire et d&rsquo;histoire naturelle \u00e0 l&rsquo;\u00c9cole centrale du Haut-Rhin [Colmar], puis professseur de latin en premi\u00e8re ann\u00e9e au lyc\u00e9e de Mayence.<br>Reste en poste comme censeur jusqu&rsquo;en 1810. Puis est nomm\u00e9, en 1809, avec Pierre Augustin Payen [1772-1850], un des deux inspecteurs de l&rsquo;acad\u00e9mie. Et, en mars 1812, recteur, en remplacement de Louis Fran\u00e7ois Alexandre Boucly [1747-1812].<\/p>\n\n\n\n<p>En 1810 : Charles Fran\u00e7ois Ancelin [1764-1836]. Ant\u00e9rieurement censeur des \u00e9tudes au lyc\u00e9e imp\u00e9rial de Rouen [Seine-Inf\u00e9rieure].<br>Reste en poste comme censeur des \u00e9tudes au lyc\u00e9e de Mayence jusqu\u2019au 11 octobre 1811, date de sa nomination comme second proviseur audit lyc\u00e9e, en remplacement de Philippe Basse, chronologiquement premier proviseur, du 20 juin 1803 au 11 octobre 1811.<\/p>\n\n\n\n<p>En 1811 : Jean Baptiste Lerond [1771-1848]. Ant\u00e9rieurement ma\u00eetre d&rsquo;\u00e9tudes au lyc\u00e9e de Mayence, censeur suppl\u00e9ant du 21 d\u00e9cembre 1811 au 25 septembre 1812, puis censeur titulaire du 25 septembre 1812 au 7 f\u00e9vrier 1814.<br>Reste en poste jusqu&rsquo;au 7 f\u00e9vrier 1814. Ult\u00e9rieurement professeur de grammaire au lyc\u00e9e de Douai [Nord].<\/p>\n\n\n\n<p>SOURCE.<\/p>\n\n\n\n<ul class=\"wp-block-list\">\n<li>Charles Fierville. Archives des lyc\u00e9es, proviseurs et censeurs, 1er mai 1802-1er juillet 1893 : documents administratifs recueillis et class\u00e9s pour la premi\u00e8re fois [Paris : Firmin-Didot. In-4. LXXXV-526 p., 1894]. Quatri\u00e8me partie : notices individuelles.<\/li>\n<\/ul>\n","protected":false},"excerpt":{"rendered":"<p>Dans la p\u00e9riode contrast\u00e9e qui va de la Monarchie \u00e0 la R\u00e9publique puis \u00e0 l&rsquo;Empire, Charles Fran\u00e7ois Ancelin poursuit une carri\u00e8re universitaire, qui ne s&rsquo;arr\u00eate qu&rsquo;avec la Restauration.En ayant assum\u00e9 des fonctions d&rsquo;autorit\u00e9 comme censeur et proviseur, aussi bien \u00e0 Rouen, qu&rsquo;\u00e0 Mayence, dans les territoires annex\u00e9s sur la rive gauche du Rhin.<\/p>\n","protected":false},"author":1,"featured_media":0,"comment_status":"closed","ping_status":"closed","sticky":false,"template":"","format":"standard","meta":{"footnotes":""},"categories":[46],"tags":[],"class_list":["post-2375","post","type-post","status-publish","format-standard","hentry","category-Histoire-de-l-education"],"_links":{"self":[{"href":"https:\/\/www.textesrares.com\/pages\/wp-json\/wp\/v2\/posts\/2375","targetHints":{"allow":["GET"]}}],"collection":[{"href":"https:\/\/www.textesrares.com\/pages\/wp-json\/wp\/v2\/posts"}],"about":[{"href":"https:\/\/www.textesrares.com\/pages\/wp-json\/wp\/v2\/types\/post"}],"author":[{"embeddable":true,"href":"https:\/\/www.textesrares.com\/pages\/wp-json\/wp\/v2\/users\/1"}],"replies":[{"embeddable":true,"href":"https:\/\/www.textesrares.com\/pages\/wp-json\/wp\/v2\/comments?post=2375"}],"version-history":[{"count":1,"href":"https:\/\/www.textesrares.com\/pages\/wp-json\/wp\/v2\/posts\/2375\/revisions"}],"predecessor-version":[{"id":2376,"href":"https:\/\/www.textesrares.com\/pages\/wp-json\/wp\/v2\/posts\/2375\/revisions\/2376"}],"wp:attachment":[{"href":"https:\/\/www.textesrares.com\/pages\/wp-json\/wp\/v2\/media?parent=2375"}],"wp:term":[{"taxonomy":"category","embeddable":true,"href":"https:\/\/www.textesrares.com\/pages\/wp-json\/wp\/v2\/categories?post=2375"},{"taxonomy":"post_tag","embeddable":true,"href":"https:\/\/www.textesrares.com\/pages\/wp-json\/wp\/v2\/tags?post=2375"}],"curies":[{"name":"wp","href":"https:\/\/api.w.org\/{rel}","templated":true}]}}