{"id":2348,"date":"2025-01-25T19:29:57","date_gmt":"2025-01-25T18:29:57","guid":{"rendered":"https:\/\/www.textesrares.com\/pages\/?p=2348"},"modified":"2025-01-25T19:35:16","modified_gmt":"2025-01-25T18:35:16","slug":"1860-1866-conferences-du-rez-de-chaussee","status":"publish","type":"post","link":"https:\/\/www.textesrares.com\/pages\/histoire\/1860-1866-conferences-du-rez-de-chaussee.html","title":{"rendered":"1860-1866 : Conf\u00e9rences du Rez-de-Chauss\u00e9e"},"content":{"rendered":"\n<p>Les Conf\u00e9rences du Rez-de-Chauss\u00e9e est le nom donn\u00e9 \u00e0 une Soci\u00e9t\u00e9 intellectuelle parisienne, active autour de 1860-1863, regroupant des jeunes gens pr\u00e9occup\u00e9s de po\u00e9sie, de litt\u00e9rature et d&rsquo;histoire et compos\u00e9e pour une large part d&rsquo;\u00e9tudiants, pensionnaires au 45 rue d&rsquo;Ulm, int\u00e9gr\u00e9s pour trois ans \u00e0 l&rsquo;\u00c9cole normale sup\u00e9rieure.<\/p>\n\n\n\n<!--more-->\n\n\n\n<p>SOURCE.<br>Les informations disponibles sur Internet concernant la &lt; Conf\u00e9rence du Rez-de-Chauss\u00e9e > sont peu nombreuses et fragmentaires.<br>La source fiable est le Catalogue collectif de France (CCFr), avec cinquante-cinq items.<br><a href=\"https:\/\/ccfr.bnf.fr\/portailccfr\/jsp\/public\/search\/public_search_result_exec.jsp?pagerName=search&amp;sortCol=sortCol&amp;sortWay=sortWay&amp;action=public_search_federated&amp;query=PUBLIC_CATALOGUE_SIMPLE&amp;source=all_simple&amp;ts=1730237666724\" target=\"_blank\" rel=\"noreferrer noopener\">https:\/\/ccfr.bnf.fr\/portailccfr\/jsp\/public\/search\/public_search_result_exec.jsp?pagerName=search&amp;sortCol=sortCol&amp;sortWay=sortWay&amp;action=public_search_federated&amp;query=PUBLIC_CATALOGUE_SIMPLE&amp;source=all_simple&amp;ts=1730237666724<\/a><\/p>\n\n\n\n<p>S\u00c9ANCES.<br>Des s\u00e9ances de cette soci\u00e9t\u00e9 litt\u00e9raire se tiennent plus ou moins r\u00e9guli\u00e8rement de 1860 \u00e0 1866 [inclus] au Cercle des Soci\u00e9t\u00e9s savantes, domicili\u00e9e \u00e0 Paris, 3 Quai Malaquais ; en g\u00e9n\u00e9ral \u00e0 raison d&rsquo;une r\u00e9union par semaine, le plus souvent [\u00e0 partir de 1863] le jeudi, jour de permission de sortie pour les pensionnaires de la rue d&rsquo;Ulm.<\/p>\n\n\n\n<p>PUBLICATIONS.<br>Seules sont rep\u00e9rables, les conf\u00e9rences dont le texte a fait l&rsquo;objet d&rsquo;une publication dans l&rsquo;Annuaire de la Conf\u00e9rence [tir\u00e9 en 1863, \u00e0 140 exemplaires num\u00e9rot\u00e9s], ou d&rsquo;un tir\u00e9 \u00e0 part, imprim\u00e9 \u00e0 chaque fois par l&rsquo;imprimerie de Cerf, \u00e0 Versailles [imprimerie qui est aussi celle, pendant tout un temps, de l&rsquo;Annuaire de l&rsquo;Association amicale de secours des anciens \u00e9l\u00e8ves de l&rsquo;\u00c9cole normale sup\u00e9rieure].<\/p>\n\n\n\n<p>Certains de ces textes, mais peu nombreux, sont accessibles via Gallica.<\/p>\n\n\n\n<p>LISTE ALPHAB\u00c9TIQUE DES PARTICIPANTS.<br>Beaucoup de membres de cette soci\u00e9t\u00e9, sont des \u00e9l\u00e8ves en cours de scolarit\u00e9 \u00e0 l&rsquo;\u00c9cole normale sup\u00e9rieure, dont D\u00e9sir\u00e9 Nisard [1806-1888], Inspecteur g\u00e9n\u00e9ral de l&rsquo;enseignement sup\u00e9rieur, est alors le directeur : Charles Bigot [1840-1893] ; Albert Dupond [1839-1881] ; Emmanuel Des Essarts [1839-1909] ; Augustin Filon [1841-1916] ; Raoul Frary [1842-1892] ; Louis Petit de Julleville [1841-1900] ; \u00c9douard Sayous [1842-1898] ; Edgar Z\u00e9vort [1842-1908].<br>Le texte de leur conf\u00e9rence constitue presque toujours la premi\u00e8re publication d&rsquo;une longue suite de travaux\u2026<\/p>\n\n\n\n<p>Enfin, en 1867, une notice br\u00e8ve du Grand Larousse universel du XIXe si\u00e8cle [page 895] fait mention \u00e9logieuse de la Conf\u00e9rence du Rez-de-chauss\u00e9e, en signalant qu&rsquo;elle a eu longtemps pour pr\u00e9sident &lt; le jeune et brillant normalien Filhon [sic] >.<br>On trouve ci-dessous, avec les noms dans l&rsquo;ordre alphab\u00e9tique des intervenants, les renseignements, plus ou moins complets, relatifs aux sujets des conf\u00e9rences organis\u00e9es par les membres de cette soci\u00e9t\u00e9 intellectuelle.<\/p>\n\n\n\n<p>ANTELME.<br>Albert Antelme.<\/p>\n\n\n\n<p>Dans le cadre des \u00ab\u00a0Conf\u00e9rences du rez-de-chauss\u00e9e\u00a0\u00bb, et dans la s\u00e9ance du lundi 6 janvier 1862, Albert Antelme lit une po\u00e9sie : Orgie et Mort. Ballade.<br>Publi\u00e9 en tir\u00e9 \u00e0 part en 1862 : [Versailles : impr. de Cerf, 59 rue du Plessis. In-16. (1862)].<\/p>\n\n\n\n<ul class=\"wp-block-list\">\n<li><a href=\"https:\/\/gallica.bnf.fr\/ark:\/12148\/bpt6k5471278v\" target=\"_blank\" rel=\"noreferrer noopener\">https:\/\/gallica.bnf.fr\/ark:\/12148\/bpt6k5471278v<\/a><br>La po\u00e9sie est dat\u00e9e de novembre 1860. Avec, en exergue, une citation de l&rsquo;\u00c9vangile : Malheur \u00e0 vous qui \u00eates remplis ; car vous aurez faim. Malheur \u00e0 vous qui riez maintenant ; car vous lamenterez et pleurerez.<\/li>\n<\/ul>\n\n\n\n<p>Dans une s\u00e9ance, Albert Antelme lit une po\u00e9sie : Le Sommeil de l&rsquo;enfant.<br>Publi\u00e9 en tir\u00e9 \u00e0 part en 1862 : [Versailles : impr. de Cerf. In-16. (1862)].<\/p>\n\n\n\n<ul class=\"wp-block-list\">\n<li><a href=\"https:\/\/gallica.bnf.fr\/ark:\/12148\/bpt6k5471029p\" target=\"_blank\" rel=\"noreferrer noopener\">https:\/\/gallica.bnf.fr\/ark:\/12148\/bpt6k5471029p<\/a><\/li>\n<\/ul>\n\n\n\n<p>ARC.<br>Edmond Bertrand d&rsquo;Arcq.<\/p>\n\n\n\n<p>Dans le cadre des \u00ab\u00a0Conf\u00e9rences du rez-de-chauss\u00e9e\u00a0\u00bb, et dans la s\u00e9ance du jeudi 30 mai 1861, Edmond Bertrand d&rsquo;Arcq lit une po\u00e9sie intitul\u00e9e : Ballade.<br>Publi\u00e9 en tir\u00e9 \u00e0 part en 1862 : [Versailles : impr. de Cerf. 59, rue du Plessis. In-16, (1862)].<\/p>\n\n\n\n<ul class=\"wp-block-list\">\n<li><a href=\"https:\/\/gallica.bnf.fr\/ark:\/12148\/bpt6k5474909z\" target=\"_blank\" rel=\"noreferrer noopener\">https:\/\/gallica.bnf.fr\/ark:\/12148\/bpt6k5474909z<\/a><\/li>\n<\/ul>\n\n\n\n<p>AVRECOURT.<br>Ernest Georges d&rsquo;Avrecourt [1807-1871].<br>[autre forme du nom : Ernest Georges Petitjean d&rsquo;Avrecourt].<br>N\u00e9 le 4 ao\u00fbt 1807, \u00e0 Paris [Seine] ; mort le 11 septembre 1871, \u00e0 Paris [Seine].<\/p>\n\n\n\n<p>Auteur dramatique, de com\u00e9dies et vaudevilles.<\/p>\n\n\n\n<p>Dans le cadre des \u00ab\u00a0Conf\u00e9rences du rez-de-chauss\u00e9e\u00a0\u00bb, et dans la s\u00e9ance du jeudi 19 juin 1862, Ernest Georges d&rsquo;Avrecourt [1807-1871] lit une : \u00c9tude sur la Pl\u00e9iade et son influence.<\/p>\n\n\n\n<p>Dans la s\u00e9ance du jeudi 3 juillet 1862, E. G. d&rsquo;Avrecourt poursuit la lecture : \u00c9tude sur la Pl\u00e9iade et son influence.<br>[Paris : Au si\u00e8ge de la Conf\u00e9rence. Quai Malaquais, 3. In-12, 33 p., (1862)].<\/p>\n\n\n\n<p>Dans une s\u00e9ance, Georges d&rsquo;Avrecourt lit : Essai sur les institutions romaines sous la r\u00e9publique et sous l&rsquo;Empire.<br>Publi\u00e9 en tir\u00e9 \u00e0 part en 1862 : [Versailles : impr. de Cerf. In-18, pagin\u00e9 189-206, (1862)].<\/p>\n\n\n\n<p>BAUDESSON.<br>Henri de Baudesson.<\/p>\n\n\n\n<p>Dans le cadre des \u00ab\u00a0Conf\u00e9rences du rez-de-chauss\u00e9e\u00a0\u00bb, et dans la s\u00e9ance du lundi 3 mars 1862, Henri Baudesson lit : Les Po\u00e9sies d&rsquo;Henry Murger.<br>Publi\u00e9 en tir\u00e9 \u00e0 part en 1862 : [Versailles : impr. de Cerf. 59, rue du Plessis. In-16. Pages 45-59. (1862)].<\/p>\n\n\n\n<ul class=\"wp-block-list\">\n<li>https:\/\/gallica.bnf.fr\/ark:\/12148\/bpt6k5539641t.r=baudesson%2C%20henri%20de?rk=21459;2<\/li>\n<\/ul>\n\n\n\n<p>Henry Murger [1822-1861] vient de mourir, le 28 janvier 1861. C\u00e9l\u00e8bre avec ses Sc\u00e8nes de la vie de Boh\u00e8me, publi\u00e9 en feuilleton entre mars 1845 et avril 1848, adapt\u00e9 au th\u00e9\u00e2tre en 1848, \u00e9dit\u00e9 en forme de roman en 1851, Henry Murger a publi\u00e9 deux recueils de po\u00e9sies : Ballades et fantaisies [1854] et les Nuits d&rsquo;hiver [1856].<\/p>\n\n\n\n<p>BELIN.<br>Georges Belin.<\/p>\n\n\n\n<p>Dans le cadre des \u00ab\u00a0Conf\u00e9rences du rez-de-chauss\u00e9e\u00a0\u00bb, et dans la s\u00e9ance du jeudi 7 mai 1863, Georges Belin lit une \u00e9tude : La Philosophie contemporaine et M. Guizot.<br>[Paris : Au si\u00e8ge de la Conf\u00e9rence. Quai Malaquais, 3. In-16. (1863)].<\/p>\n\n\n\n<p>Les deux tomes des M\u00e9moires pour servir \u00e0 l&rsquo;histoire de mon Temps, de Fran\u00e7ois Guizot [1787-1874] sont parus en 1858-1859.<br>Ernest Renan en a fait un long compte-rendu dans la Revue des Deux Mondes, deuxi\u00e8me p\u00e9riode, tome 22, en 1859 [pages 179-209].<\/p>\n\n\n\n<p>BIGOT.<br>Charles Bigot [1840-1893].<br>N\u00e9 le 14 septembre 1840, \u00e0 Bruxelles ; mort le 15 avril 1893, \u00e0 Paris [Seine].<\/p>\n\n\n\n<p>Ancien \u00e9l\u00e8ve de l&rsquo;\u00c9cole normale sup\u00e9rieure [1860].<br>Apr\u00e8s avoir \u00e9t\u00e9 professeur de rh\u00e9torique puis journaliste, Charles Bigot au terme de sa carri\u00e8re enseigne la litt\u00e9rature fran\u00e7aise \u00e0 l&rsquo;\u00c9cole normale primaire de Saint-Cloud, et \u00e0 l&rsquo;\u00c9cole normale de Fontenay-aux-Roses.<\/p>\n\n\n\n<p>Dans le cadre des \u00ab\u00a0Conf\u00e9rences du rez-de-chauss\u00e9e\u00a0\u00bb, et dans la s\u00e9ance du dimanche 17 novembre 1861, Charles Bigot [1840-1893], alors \u00e9l\u00e8ve de deuxi\u00e8me ann\u00e9e de l&rsquo;\u00c9cole normale sup\u00e9rieure [1860] lit : Pauca sodali [quelques personnes]. \u00c0 la m\u00e9moire de Paul Claude Gachot.<br>Publi\u00e9 en tir\u00e9 \u00e0 part en 1862 : [Versailles : impr. de Cerf. In-12, 22 p., (1862)].<br>Paul Claude Gachot, \u00e9l\u00e8ve de l&rsquo;\u00c9cole normale sup\u00e9rieure [promotion 1860], est d\u00e9c\u00e9d\u00e9 en 1861.<\/p>\n\n\n\n<p>DEBAINS.<br>Fr\u00e9d\u00e9ric Debains [1838-1879].<br>N\u00e9 le 21 janvier 1838, \u00e0 Paris [Seine] ; mort le le 17 juillet 1879.<\/p>\n\n\n\n<p>Ach\u00e8ve sa carri\u00e8re comme secr\u00e9taire de l&rsquo;Ambassade de France, \u00e0 Berlin [1873].<\/p>\n\n\n\n<p>Dans le cadre des \u00ab\u00a0Conf\u00e9rences du rez-de-chauss\u00e9e\u00a0\u00bb, et dans la s\u00e9ance du jeudi 25 avril 1861, Fr\u00e9d\u00e9ric Debains [1838-1879] lit : De l&rsquo;influence des moyens de communication sur les langues.<br>Publi\u00e9 en tir\u00e9 \u00e0 part en 1862 : [Versailles : impr. de Cerf. 59, rue de Plessis. In-16, 7 p., (1862)].<\/p>\n\n\n\n<p>Dans la s\u00e9ance du 3 novembrel 1861, Fr\u00e9d\u00e9ric Debains [1838-1879] lit : Aper\u00e7u historique sur l&rsquo;agriculture en Italie, sous la domination romaine.<br>Publi\u00e9 en tir\u00e9 \u00e0 part en 1862 : [Versailles : impr. de Cerf. In-18, pagin\u00e9 143-155, (1862)].<\/p>\n\n\n\n<p>DELAUNAY.<br>Gr\u00e9gory Delaunay.<\/p>\n\n\n\n<p>Dans le cadre des \u00ab\u00a0Conf\u00e9rences du rez-de-chauss\u00e9e\u00a0\u00bb, et dans la s\u00e9ance du jeudi 12 f\u00e9vrier 1863, Delaunay lit : \u00c9tude sur la philosophie des Fables de La Fontaine.<br>[Paris : Au si\u00e8ge de la Conf\u00e9rence. Quai Malaquais, 3. In-16, pagin\u00e9 49-70, (1863)].<\/p>\n\n\n\n<ul class=\"wp-block-list\">\n<li><a href=\"https:\/\/gallica.bnf.fr\/ark:\/12148\/bpt6k5445470n.texteImage\" target=\"_blank\" rel=\"noreferrer noopener\">https:\/\/gallica.bnf.fr\/ark:\/12148\/bpt6k5445470n.texteImage<\/a><br>Le texte de la conf\u00e9rence est \u00e9galement accessible :<br>https:\/\/www.ruedesfables.net\/etude-sur-la-philosophie-des-fables-de-la-fontaine\/<\/li>\n<\/ul>\n\n\n\n<p>DES ESSARTS.<br>Emmanuel Des Essarts [1839-1909].<br>N\u00e9 le 5 f\u00e9vrier 1839, \u00e0 Paris [Seine] ; mort le 17 octobre 1909, \u00e0 Lempdes-sur-Allagnon [Haute-Loire].<\/p>\n\n\n\n<p>Ancien \u00e9l\u00e8ve de l&rsquo;\u00c9cole normale sup\u00e9rieure [1858].<br>Ach\u00e8ve sa carri\u00e8re comme professeur de Litt\u00e9rature \u00e9trang\u00e8re, puis de Litt\u00e9rature fran\u00e7aise, et doyen de la Facult\u00e9 des Lettres de Clermont-Ferrand [1892-1907].<\/p>\n\n\n\n<p>Dans le cadre des \u00ab\u00a0Conf\u00e9rences du rez-de-chauss\u00e9e\u00a0\u00bb, et dans la s\u00e9ance du vendredi 14 mars 1862, Emmanuel Des Essarts [1839-1909] lit une po\u00e9sie intitul\u00e9e : Coecus Amor [amour aveugle].<br>Publi\u00e9 en tir\u00e9 \u00e0 part en 1863 : [Versailles : impr. de Cerf. In-16, 10 p., (1863)].<\/p>\n\n\n\n<ul class=\"wp-block-list\">\n<li>https:\/\/gallica.bnf.fr\/ark:\/12148\/bpt6k63674946\/f1.item<\/li>\n<\/ul>\n\n\n\n<p>DUPOND.<br>Albert Dupond [1838-1881].<br>N\u00e9 le 3 octobre 1839, \u00e0 Paris [Seine] ; mort en 1881.<\/p>\n\n\n\n<p>Ancien \u00e9l\u00e8ve de l\u2019\u00c9cole normale sup\u00e9rieure [1860].<br>Termine sa carri\u00e8re comme professeur de philosophie \u00e0 Clermont-Ferrand [1872].<\/p>\n\n\n\n<p>Dans le cadre des \u00ab\u00a0Conf\u00e9rences du rez-de-chauss\u00e9e\u00a0\u00bb, et dans la s\u00e9ance du dimanche 15 d\u00e9cembre 1861, Discours d&rsquo;entr\u00e9e [en vers] de M. [Albert] Dupond [1838-1881], \u00e9l\u00e8ve de deuxi\u00e8me ann\u00e9e de l&rsquo;\u00c9cole normale sup\u00e9rieure [1860].<br>Publi\u00e9 en tir\u00e9 \u00e0 part en 1862 : [Versailles : impr. de Cerf. In-16, 3 p., (1862)].<\/p>\n\n\n\n<p>Dans la s\u00e9ance du jeudi 15 mai 1862, Albert Dupond lit une po\u00e9sie intitul\u00e9e \u00c0 celle que j&rsquo;aimerai.<br>Publi\u00e9 en tir\u00e9 \u00e0 part en 1862 : [Versailles : impr. de Cerf. In-16, 3 p., (1862)].<\/p>\n\n\n\n<p>Dans la s\u00e9ance du jeudi 5 juin 1862, Albert Dupond lit une : \u00c9tude litt\u00e9raire sur B\u00e9ranger [premi\u00e8res chansons].<br>Publi\u00e9 en tir\u00e9 \u00e0 part en 1862 : [Versailles : impr. de Cerf. In-16, 36 p., (1862)].<\/p>\n\n\n\n<p>Dans la s\u00e9ance du NNN, Albert Dupond lit : Essai sur la vie politique de Cic\u00e9ron et sur la transformation des institutions r\u00e9publicaines \u00e0 Rome.<br>[Paris : Au si\u00e8ge de la Conf\u00e9rence. Quai Malaquais, 3. In-8, 27 p., (NNN)].<\/p>\n\n\n\n<p>FILON.<br>Augustin Filon [1841-1916].<br>N\u00e9 le 28 novembre 1841, \u00e0 Paris [Seine] ; mort le 13 mai 1916, \u00e0 Croydon [Grande-Bretagne].<\/p>\n\n\n\n<p>Ancien \u00e9l\u00e8ve de l\u2019\u00c9cole normale sup\u00e9rieure [1861].<br>Pr\u00e9cepteur du Louis Napol\u00e9on, fils de Napl\u00e9on III. Auteur de nombreux ouvrages : romans, nouvelles, \u00e9tudes litt\u00e9raires et historiques.<\/p>\n\n\n\n<p>Dans le cadre des \u00ab\u00a0Conf\u00e9rences du rez-de-chauss\u00e9e\u00a0\u00bb, et dans la s\u00e9ance du mardi 22 avril 1862, Augustin Filon [1841-1916], \u00e9l\u00e8ve de premi\u00e8re ann\u00e9e de l\u2019\u00c9cole normale sup\u00e9rieure [octobre 1861] lit une \u00e9tude : Gui Patin, sa vie, sa correspondance.<br>Publi\u00e9 en tir\u00e9 \u00e0 part en 1863 : [Versailles : impr. de Cerf. In-16, pagin\u00e9 75-99, (1863)].<\/p>\n\n\n\n<ul class=\"wp-block-list\">\n<li>https:\/\/gallica.bnf.fr\/ark:\/12148\/bpt6k58096261\/f4.item.r=<\/li>\n<\/ul>\n\n\n\n<p>Dans la s\u00e9ance du jeudi 5 mars 1863, Augustin Filon [1841-1916], en deuxi\u00e8me ann\u00e9e de l&rsquo;\u00c9cole normale sup\u00e9rieure, lit une : \u00c9tude sur les Lettres portugaises [1669].<br>[Paris : Au si\u00e8ge de la Conf\u00e9rence. Quai Malaquais, 3. In-8, pagin\u00e9 95-110, (1863)].<\/p>\n\n\n\n<p>D\u00e9j\u00e0 en 1860 avaient \u00e9t\u00e9 publi\u00e9s, d&rsquo;Augustin Filon, v\u00e9t\u00e9ran de rh\u00e9torique au lyc\u00e9e imp\u00e9rial Napol\u00e9on [lyc\u00e9e Condorcet] : Revue de l&rsquo;ann\u00e9e. Vers lus au banquet de la Saint-Charlemagne, le 28 janvier 1860 [Paris : Imprimerie P.-A. Bourdier et Cie. Rue Mazarine, 30. 1860].<\/p>\n\n\n\n<p>FRARY.<br>Raoul Frary [1842-1892].<br>N\u00e9 le 17 avril 1842, \u00e0 Tracy-le-Mont [Oise] ; mort le 19 avril 1892, au Plessis-Bouchard [Seine-et-Oise, aujourd&rsquo;hui Val d&rsquo;Oise].<\/p>\n\n\n\n<p>Ancien \u00e9l\u00e8ve de l\u2019\u00c9cole normale sup\u00e9rieure [1860].<br>Apr\u00e8s avoir \u00e9t\u00e9 professeur de lettres, \u00e0 Orl\u00e9ans, puis mut\u00e9 \u00e0 Mont-de-Marsan, devient journaliste. R\u00e9dacteur en chef de La France.<\/p>\n\n\n\n<p>Dans le cadre des \u00ab\u00a0Conf\u00e9rences du rez-de-chauss\u00e9e\u00a0\u00bb, et dans la s\u00e9ance du jeudi 29 janvier 1863, Raoul Frary [1842-1892], alors \u00e9l\u00e8ve de troisi\u00e8me ann\u00e9e de l&rsquo;\u00c9cole normale sup\u00e9rieure [1860], lit une : \u00c9tude sur Mme de Staal [sic].<br>[Paris : Au si\u00e8ge de la Conf\u00e9rence. In-16, pagin\u00e9 25-37. 1863].<\/p>\n\n\n\n<p>HAYEM.<br>Armand Hayem [1845-1889].<br>N\u00e9 le 24 juillet 1845, \u00e0 Paris ; mort le 1er aout 1889, \u00e0 Paris.<\/p>\n\n\n\n<p>Homme politique. Conseiller g\u00e9n\u00e9ral du canton de Montmorency. Dramaturge.<\/p>\n\n\n\n<p>Dans le cadre des \u00ab\u00a0Conf\u00e9rences du rez-de-chauss\u00e9e\u00a0\u00bb, et dans la s\u00e9ance du NNN, Armand Hayem [1845-1889] lit : Corrine et Mme de Sta\u00ebl.<br>Publi\u00e9 en tir\u00e9 \u00e0 part en 1864 : [Paris : impr. de E. Donnaud. In-16, 33 p., 1864].<\/p>\n\n\n\n<p>Dans la s\u00e9ance du jeudi 15 f\u00e9vrier 1866, Armand Hayem [1845-1889] lit un rapport : Des Octrois.<br>Publi\u00e9 en tir\u00e9 \u00e0 part en 1866 : [Paris : impr. de E. Donnaud. In-12, 31 p., 1866].<\/p>\n\n\n\n<p>LANGSDORFF.<br>Victor de Langsdorff [1835-1885].<br>N\u00e9 le 5 octobre 1835 ; mort en 1885.<\/p>\n\n\n\n<p>Pr\u00e9fet de la Corr\u00e8ze, puis pr\u00e9fet de la Charente [1871-1872]. Chasseur en Afrique. Auteur de com\u00e9dies.<\/p>\n\n\n\n<p>Dans le cadre des \u00ab\u00a0Conf\u00e9rences du rez-de-chauss\u00e9e\u00a0\u00bb, et dans la s\u00e9ance du lundi 21 avril 1862, Victor de Langsdorff lit : Fragment d&rsquo;un travail sur la trag\u00e9die d&rsquo;Hippolyte dans Euripide et dans S\u00e9n\u00e8que.<br>Publi\u00e9 en tir\u00e9 \u00e0 part en 1863 : [Versailles : impr. de Cerf. In-16, pagin\u00e9 69-77, (1863)].<\/p>\n\n\n\n<p>LAVOLL\u00c9E.<br>Ren\u00e9 Lavoll\u00e9e [1842-1927].<br>N\u00e9 le 12 mai 1842, \u00e0 Paris [Seine] ; mort le 29 novembre 1927, \u00e0 Paris [Seine].<\/p>\n\n\n\n<p>\u00c9conomiste. Fonctionnaire au Minist\u00e8re des Affaires \u00e9trang\u00e8res, et publiciste.<\/p>\n\n\n\n<p>Dans le cadre des \u00ab\u00a0Conf\u00e9rences du rez-de-chauss\u00e9e\u00a0\u00bb, et dans deux s\u00e9ances des NNN et NNN juin 1862, Ren\u00e9 Lavoll\u00e9e [1842-1927] lit une : \u00c9tude historique sur Louis XIV.<br>Publi\u00e9 en tir\u00e9 \u00e0 part en 1862 : [Versailles : impr. de Cerf. In-16, 36 p., (1862)].<\/p>\n\n\n\n<figure class=\"wp-block-embed\"><div class=\"wp-block-embed__wrapper\">\nhttps:\/\/data.bnf.fr\/fr\/ark:\/12148\/cb10317542w\n<\/div><\/figure>\n\n\n\n<p>LESTIBOUDOIS.<br>Jules Lestiboudois [1844-1901].<br>N\u00e9 le 4 avril 1844, \u00e0 Lille [Nord] ; mort le 6 septembre 1901, \u00e0 Pringy [Seine-et-Marne].<\/p>\n\n\n\n<p>Auditeur au Conseil d&rsquo;\u00c9tat. Commissaire du Gouvernement pr\u00e8s le Conseil de Pr\u00e9fecture de la Seine.<\/p>\n\n\n\n<p>Dans le cadre des \u00ab\u00a0Conf\u00e9rences du rez-de-chauss\u00e9e\u00a0\u00bb, et dans la s\u00e9ance du jeudi 11 d\u00e9cembre 1862, Jules Lestiboudois [1844-1901] lit une : \u00c9tude sur Alfred de Musset.<br>[Paris : Au si\u00e8ge de la Conf\u00e9rence. Quai Malaquais, 3. In-8, 21 p., (1863)].<\/p>\n\n\n\n<p>MOREAU-CHASLON.<br>Georges Moreau-Chaslon [1844-c.1882].<\/p>\n\n\n\n<p>Directeur de la Compagnie G\u00e9n\u00e9rale des Omnibus, bibliophile, collectionneur, propri\u00e9taire de Ch\u00e2teau de Jonville, \u00e0 Saint-Fargeau [\u00e0 l&rsquo;\u00e9poque Seine-et-Oise].<\/p>\n\n\n\n<p>Dans le cadre des \u00ab\u00a0Conf\u00e9rences du rez-de-chauss\u00e9e\u00a0\u00bb, et dans la s\u00e9ance du jeudi 23 mars 1865, Georges Moreau-Chaslon [1844-c.1882] lit un : Essai sur le r\u00e8gne de Louis IX, dit saint Louis.<br>[Paris : Au si\u00e8ge de la Conf\u00e9rence. Quai Malaquais, 3. In-8, 15 p., (1863)].<\/p>\n\n\n\n<p>PETIT DE JULEVILLE.<br>Louis Petit de Julleville [1841-1900].<br>N\u00e9 le 18 juillet 1841, \u00e0 Paris [Seine] ; mort le 25 ao\u00fbt 1900, \u00e0 Paris [Seine].<\/p>\n\n\n\n<p>Ancien \u00e9l\u00e8ve de l&rsquo;\u00c9cole normale sup\u00e9rieure [1860].<br>Ach\u00e8ve sa carri\u00e8re comme professeur de Langue et Litt\u00e9rature fran\u00e7aise du Moyen-\u00c2ge, \u00e0 la Facult\u00e9 des Lettres de Paris [1889].<\/p>\n\n\n\n<p>Dans le cadre des \u00ab\u00a0Conf\u00e9rences du rez-de-chauss\u00e9e\u00a0\u00bb, et dans la s\u00e9ance du NNN, Louis Petit de Julleville [1841-1900], alors \u00e9l\u00e8ve de l&rsquo;\u00c9cole normale sup\u00e9rieure [1860], lit : La Complainte du laboureur.<br>Publi\u00e9 en tir\u00e9 \u00e0 part en 1862 : [Versailles : impr. de Cerf. In-12, pagin\u00e9 17-18. (1862)].<\/p>\n\n\n\n<p>Dans la s\u00e9ance du NNN, Louis Petit de Julleville [1841-1900], alors \u00e9l\u00e8ve de l&rsquo;\u00c9cole normale sup\u00e9rieure [1860], lit : \u00c9tude morale sur Ren\u00e9 dans ses rapports avec la litt\u00e9rature du si\u00e8cle et dans l&rsquo;influence qu&rsquo;il pourrait exercer encore \u00e0 l&rsquo;avenir.<br>Publi\u00e9 en tir\u00e9 \u00e0 part en 1862 : [Versailles : impr. de Cerf. In-12, pagin\u00e9 87-102. (1862)].<\/p>\n\n\n\n<p>ROTHSCHILD.<br>James de Rothschild [1844-1881].<br>N\u00e9 le 28 octobre 1844, \u00e0 Londres ; mort le 25 octobre 1881, \u00e0 Paris.<\/p>\n\n\n\n<p>Juriste. Int\u00e8gre la banque familiale aux c\u00f4t\u00e9s d&rsquo;Alphonse [1827-1905], Gustave [1829-1911], Edmond [1845-1934] et Arthur [1851-1903] de Rothschild.<br>Bibliophile, compose une tr\u00e8s importante collection de&nbsp;livres anciens et de reliures.<\/p>\n\n\n\n<p>Dans le cadre des \u00ab\u00a0Conf\u00e9rences du rez-de-chauss\u00e9e\u00a0\u00bb, et dans la s\u00e9ance du jeudi 7 mai 1863, James de Rothschild [1844-1881] lit : Essai sur les Satires de Mathurin R\u00e9gnier.<br>[Paris : Au si\u00e8ge de la Conf\u00e9rence. Quai Malaquais, 3. In-8, pagin\u00e9 133-152, (1863)].<\/p>\n\n\n\n<ul class=\"wp-block-list\">\n<li>https:\/\/data.bnf.fr\/ark:\/12148\/cb12476823w<\/li>\n<\/ul>\n\n\n\n<p>SAYOUS.<br>\u00c9douard Sayous [1842-1898].<br>N\u00e9 le 10 janvier 1842, \u00e0 Gen\u00e8ve [Suisse]&nbsp;; mort le 19 janvier 1898, \u00e0 Nice [Alpes-Maritimes].<\/p>\n\n\n\n<p>Ancien \u00e9l\u00e8ve de l\u2019\u00c9cole normale sup\u00e9rieure [1860].<br>Ach\u00e8ve sa carri\u00e8re comme professeur d&rsquo;Histoire et de g\u00e9ographie ancienne et du Moyen-\u00c2ge \u00e0 la Facult\u00e9 des Lettres de Besan\u00e7on.<\/p>\n\n\n\n<p>Dans le cadre des \u00ab\u00a0Conf\u00e9rences du rez-de-chauss\u00e9e\u00a0\u00bb, et dans la s\u00e9ance du jeudi 30 mai 1861, \u00c9douard Sayous [1842-1898], alors \u00e9l\u00e8ve de premi\u00e8re ann\u00e9e de l&rsquo;\u00c9cole normale sup\u00e9rieure [1860], lit une \u00e9tude intitul\u00e9e : Sapho, les chants d&rsquo;amour dans la Gr\u00e8ce \u00e9olienne.<br>Publi\u00e9 en tir\u00e9 \u00e0 part en 1862 : [Versailles : impr. de Cerf. 59, rue de Plessis. In-12, (1862)].<\/p>\n\n\n\n<p>Dans la s\u00e9ance du jeudi 5 f\u00e9vrier 1863, \u00c9douard Sayous [1842-1898], alors \u00e9l\u00e8ve de troisi\u00e8me ann\u00e9e de l&rsquo;\u00c9cole normale sup\u00e9rieure [1860] lit une \u00e9tude intitul\u00e9e : Sienne.<br>[Paris : Au si\u00e8ge de la Conf\u00e9rence. In-16, pagin\u00e9 41-49. 1863].<\/p>\n\n\n\n<p>SCHUR\u00c9.<br>\u00c9douard Schur\u00e9 [1841-1929].<br>N\u00e9 le 21 janvier 1841, \u00e0 Strasbourg [Bas-Rhin] ; mort le 7 avril 1929, \u00e0 Paris [Seine].<br>\u00c9crivain, philosophe et musicologue fran\u00e7ais, \u00c9douard Schur\u00e9 conna\u00eet la c\u00e9l\u00e9brit\u00e9 avec son ouvrage : Les grands initi\u00e9s, Esquisse de l&rsquo;histoire secr\u00e8te des religions [Paris : Perrin et Cie. In-8, 554 p., 1889].<\/p>\n\n\n\n<p>Dans le cadre des \u00ab\u00a0Conf\u00e9rences du rez-de-chauss\u00e9e\u00a0\u00bb, et dans la s\u00e9ance du jeudi 26 f\u00e9vrier 1863, \u00c9douard Schur\u00e9 [1841-1929], lit une : \u00c9tude sur les sonnets d&rsquo;Edmond Arnould.<br>[Paris : Au si\u00e8ge de la Conf\u00e9rence. Quai Malaquais, 3. In-12, pagin\u00e9 71-84, (1863)]<br>Edmond Arnould [1811-1861], professeur de Litt\u00e9rature \u00c9trang\u00e8re \u00e0 la Facult\u00e9 des Lettres de Paris [1856-1861] meurt le 1er f\u00e9vrier 1861. Sonnets et po\u00e8mes sont publi\u00e9s, sous le titre : Oeuvres posthumes [1861].<\/p>\n\n\n\n<p>SELIGMANN.<br>E. Seligmann.<\/p>\n\n\n\n<p>Dans le cadre des \u00ab\u00a0Conf\u00e9rences du rez-de-chauss\u00e9e\u00a0\u00bb, et dans la s\u00e9ance du lundi 24 mars 1862, E. Seligmann lit : De la renaissance des vieux auteurs.<br>Publi\u00e9 en tir\u00e9 \u00e0 part en 1862 : [Versailles : impr. de Cerf. In-18, pagin\u00e9 61-68, (1862)].<\/p>\n\n\n\n<p>Dans la s\u00e9ance de 1863, E. Seligmann communique : Le dernier volume de M. Michelet \u00ab Louis XIV et le duc de Bourgogne \u00bb.<br>Publi\u00e9 en tir\u00e9 \u00e0 part en 1863 : [Versailles : impr. de Cerf. In-18, pi\u00e8ce. (1862)].<\/p>\n\n\n\n<p>L&rsquo;ouvrage de Jules Michelet &lt; Louis XIV et le duc de Bourgogne &gt; vient de para\u00eetre [Paris : Chamerot, libraire-\u00e9diteur, rue du Jardinet, 13. In-8, 463 p., 1862] comme un des tomes de l&rsquo;Histoire de France au dix-septi\u00e8me si\u00e8cle.<\/p>\n\n\n\n<p>STAPFER.<br>Paul Stapfer [1840-1917].<br>N\u00e9 le 14 mai 1840, \u00e0 Paris [Seine] ; mort le 7 janvier 1917, \u00e0 Bordeaux [Gironde].<\/p>\n\n\n\n<p>Ach\u00e8ve sa carri\u00e8re en 1899, comme professeur de Litt\u00e9rature fran\u00e7aise, et doyen de la Facult\u00e9 des Lettres de Bordeaux [Gironde].<\/p>\n\n\n\n<p>Dans le cadre des \u00ab\u00a0Conf\u00e9rences du rez-de-chauss\u00e9e\u00a0\u00bb, et dans la s\u00e9ance du vendredi 7 mars 1862, Paul Stapfer [1840-1917] lit : Des id\u00e9es morales dans la trag\u00e9die.<br>Publi\u00e9 en tir\u00e9 \u00e0 part en 1863 : [Versailles : impr. de Cerf. In-16, pagin\u00e9 19-50, (1863)].<\/p>\n\n\n\n<p>VERNES.<br>Charles Vernes [1844-1933].<br>N\u00e9 le 13 mars 1844, \u00e0 Nauroy [Oise] ; mort le 19 septembre 1933, \u00e0 Saint-Germain-en-Laye [Seine-et-Oise ; aujourd&rsquo;hui Yvelines].<br>Pasteur \u00e0 Celles-sur-Belle [Deux-S\u00e8vres] et \u00e0 Paris [\u00e9glise r\u00e9form\u00e9e des Batignolles].<\/p>\n\n\n\n<p>Dans le cadre des \u00ab\u00a0Conf\u00e9rences du rez-de-chauss\u00e9e\u00a0\u00bb, et dans la s\u00e9ance du jeudi 5 mars 1863, Charles Vernes [1844-1933] lit une : Notice sur Alfred Tonnell\u00e9.<br>[Paris : Au si\u00e8ge de la Conf\u00e9rence. Quai Malaquais, 3. In-16, pagin\u00e9 85-93, (1863)].<\/p>\n\n\n\n<p>D&rsquo;Alfred Tonnell\u00e9 [1831-1858], paraissent, posthume [1859], sa traduction &lt; De l&rsquo;origine des formes grammaticales et de leur influence sur le d\u00e9veloppement des id\u00e9es &gt;, de Wilhelm von Humboldt [1767-1835].<\/p>\n\n\n\n<ul class=\"wp-block-list\">\n<li><a href=\"https:\/\/gallica.bnf.fr\/ark:\/12148\/bpt6k735893.texteImage\" target=\"_blank\" rel=\"noreferrer noopener\">https:\/\/gallica.bnf.fr\/ark:\/12148\/bpt6k735893.texteImage<\/a><br>Et en 1859, publi\u00e9s par G.-A. Heinrich [1829-1897], Professeur de Litt\u00e9rature \u00e9trang\u00e8re \u00e0 la Facult\u00e9 des Lettres de Lyon . [Tours : Imprimerie de Ad Mame et Cie. In-8, LVI-344 p., 1859].<\/li>\n\n\n\n<li><a href=\"https:\/\/gallica.bnf.fr\/ark:\/12148\/bpt6k8630726j.texteImage\" target=\"_blank\" rel=\"noreferrer noopener\">https:\/\/gallica.bnf.fr\/ark:\/12148\/bpt6k8630726j.texteImage<\/a><br>R\u00e9\u00e9dit\u00e9s en 1860, en 1874.<\/li>\n<\/ul>\n\n\n\n<p>Z\u00c9VORT.<br>Edgar Z\u00e9vort [1842-1908].<br>N\u00e9 le 15 juin 1842, \u00e0 Rennes [Ille-et-Vilaine] ; mort le 27 mars 1908, \u00e0 Caen [Calvados].<\/p>\n\n\n\n<p>Ancien \u00e9l\u00e8ve de l\u2019\u00c9cole normale sup\u00e9rieure [1861].<br>Ach\u00e8ve sa carri\u00e8re en 1908 comme recteur de l&rsquo;acad\u00e9mie de Caen [1884-1908], o\u00f9 il d\u00e9c\u00e8de en fonction.<\/p>\n\n\n\n<p>Dans le cadre des \u00ab\u00a0Conf\u00e9rences du rez-de-chauss\u00e9e\u00a0\u00bb, et dans la s\u00e9ance du jeudi 15 janvier 1863, Edgar Z\u00e9vort [1842-1908], alors \u00e9l\u00e8ve de deuxi\u00e8me ann\u00e9e de l\u2019\u00c9cole normale sup\u00e9rieure [1861], lit une : \u00c9tude sur le cardinal de Retz.<br>[Paris : Au si\u00e8ge de la Conf\u00e9rence. Quai Malaquais, 3. In-8, 26 p., (1863)].<\/p>\n","protected":false},"excerpt":{"rendered":"<p>Les Conf\u00e9rences du Rez-de-Chauss\u00e9e est le nom donn\u00e9 \u00e0 une Soci\u00e9t\u00e9 intellectuelle parisienne, active autour de 1860-1863, regroupant des jeunes gens pr\u00e9occup\u00e9s de po\u00e9sie, de litt\u00e9rature et d&rsquo;histoire et compos\u00e9e pour une large part d&rsquo;\u00e9tudiants, pensionnaires au 45 rue d&rsquo;Ulm, int\u00e9gr\u00e9s pour trois ans \u00e0 l&rsquo;\u00c9cole normale sup\u00e9rieure.<\/p>\n","protected":false},"author":1,"featured_media":0,"comment_status":"closed","ping_status":"closed","sticky":false,"template":"","format":"standard","meta":{"footnotes":""},"categories":[37],"tags":[],"class_list":["post-2348","post","type-post","status-publish","format-standard","hentry","category-histoire"],"_links":{"self":[{"href":"https:\/\/www.textesrares.com\/pages\/wp-json\/wp\/v2\/posts\/2348","targetHints":{"allow":["GET"]}}],"collection":[{"href":"https:\/\/www.textesrares.com\/pages\/wp-json\/wp\/v2\/posts"}],"about":[{"href":"https:\/\/www.textesrares.com\/pages\/wp-json\/wp\/v2\/types\/post"}],"author":[{"embeddable":true,"href":"https:\/\/www.textesrares.com\/pages\/wp-json\/wp\/v2\/users\/1"}],"replies":[{"embeddable":true,"href":"https:\/\/www.textesrares.com\/pages\/wp-json\/wp\/v2\/comments?post=2348"}],"version-history":[{"count":5,"href":"https:\/\/www.textesrares.com\/pages\/wp-json\/wp\/v2\/posts\/2348\/revisions"}],"predecessor-version":[{"id":2354,"href":"https:\/\/www.textesrares.com\/pages\/wp-json\/wp\/v2\/posts\/2348\/revisions\/2354"}],"wp:attachment":[{"href":"https:\/\/www.textesrares.com\/pages\/wp-json\/wp\/v2\/media?parent=2348"}],"wp:term":[{"taxonomy":"category","embeddable":true,"href":"https:\/\/www.textesrares.com\/pages\/wp-json\/wp\/v2\/categories?post=2348"},{"taxonomy":"post_tag","embeddable":true,"href":"https:\/\/www.textesrares.com\/pages\/wp-json\/wp\/v2\/tags?post=2348"}],"curies":[{"name":"wp","href":"https:\/\/api.w.org\/{rel}","templated":true}]}}