{"id":2265,"date":"2024-08-17T20:10:29","date_gmt":"2024-08-17T18:10:29","guid":{"rendered":"https:\/\/www.textesrares.com\/pages\/?p=2265"},"modified":"2024-08-17T20:12:30","modified_gmt":"2024-08-17T18:12:30","slug":"drevet-a-1776-1846-censeur-des-etudes-pendant-un-quart-de-siecle-a-henri-iv","status":"publish","type":"post","link":"https:\/\/www.textesrares.com\/pages\/Histoire-de-l-education\/drevet-a-1776-1846-censeur-des-etudes-pendant-un-quart-de-siecle-a-henri-iv.html","title":{"rendered":"Drevet, A. (1776-1846), censeur des \u00e9tudes pendant un quart de si\u00e8cle \u00e0 Henri-IV"},"content":{"rendered":"\n<p>A. Drevet poursuit sans encombre, dans la capitale, sa carri\u00e8re d&rsquo;enseignant et surtout de censeur des \u00e9tudes, sous les diff\u00e9rents r\u00e9gimes qui se succ\u00e8dent : R\u00e9publique, Empire, Restauration. Obtient m\u00eame de surcro\u00eet une sorte de sin\u00e9cure en devenant en 1814 un des conservateurs de la Biblioth\u00e8que de Sainte-Genevi\u00e8ve.<\/p>\n\n\n\n<!--more-->\n\n\n\n<p>A. Drevet : N\u00e9 le 19 mai 1776, \u00e0 Paris&nbsp;; mort le 7 octobre 1846.<\/p>\n\n\n\n<p>1798<br>MAITRE D&rsquo;\u00c9TUDES AU PRYTAN\u00c9E FRAN\u00c7AIS LOUIS-LE-GRAND.<br>Nomm\u00e9 le 20 janvier 1798, ma\u00eetre d&rsquo;\u00e9tudes au Prytan\u00e9e fran\u00e7ais, nouvelle appellation du Coll\u00e8ge Egalit\u00e9 [1793], puis de l&rsquo;Institut central des boursiers [1797], aujourd&rsquo;hui lyc\u00e9e Louis-le-Grand.<\/p>\n\n\n\n<p>L&rsquo;article 31 du d\u00e9cret du 17 mars 1808, portant organisation de l&rsquo;Universit\u00e9 imp\u00e9riale,<br>donne, en ce qui concerne le rang d&rsquo;enseignement, la position de ma\u00eetre d&rsquo;\u00e9tudes comme la plus basse, impliquant cependant la possession du baccalaur\u00e9at.<br>Au-dessus se touve la position de r\u00e9gent, impliquant l\u2019obtention de la licence.<br>Au dessus de r\u00e9gent il y a les &lt; agr\u00e9g\u00e9s &gt;, puis les professeurs des lyc\u00e9es, et enfin les professeurs de Facult\u00e9s.<br>A. Drevet est en poste comme ma\u00eetre d&rsquo;\u00e9tudes \u00e0 Louis-le-Grand [d\u00e9nomm\u00e9 alors Coll\u00e8ge de Paris] jusqu&rsquo;au 22 mars 1800.<br>En 1801, est confirm\u00e9 comme ma\u00eetre d&rsquo;\u00e9tudes au Coll\u00e8ge de Paris. Reste en poste jusqu&rsquo;en 1804.<\/p>\n\n\n\n<p>1804<br>AU LYC\u00c9E NAPOL\u00c9ON PROFESSEUR DE LANGUES ANCIENNES.<br>Au 22 septembre 1804, tout en retant ma\u00eetre d&rsquo;\u00e9tudes est nomm\u00e9 professeur suppl\u00e9ant de Langues anciennes au lyc\u00e9e Napol\u00e9on [Henri-IV].<br>Cette double fonction est reconduite en 1805.<\/p>\n\n\n\n<p>\u00c0 ce titre peut \u00eatre amen\u00e9 \u00e0 suppl\u00e9er les professeurs en titre des six classes de lettres : Premi\u00e8re classe (la plus \u00e9lev\u00e9e) : Charles Millon [1754-1839] ; deuxi\u00e8me classe : Pierre Pottier [NNN-1807] ; troisi\u00e8me classe : Pierre Antoine Gu\u00e9roult [1749-1816], dit Gu\u00e9roult jeune ; quatri\u00e8me classe : Jean Fran\u00e7ois Boissonade [1774-1857] ; cinqui\u00e8me et sixi\u00e8me classe : \u00c9tienne Br\u00e9e.<\/p>\n\n\n\n<p>Puis au 30 mars 1806, A. Drevet re\u00e7oit une nomination non plus dans une fonction p\u00e9dagogique mais dans une fonction administrative d&rsquo;autorit\u00e9 en \u00e9tant nomm\u00e9 sous-Directeur au lyc\u00e9e Napol\u00e9on [Henri-IV].<\/p>\n\n\n\n<p>1807<br>R\u00c9VISION DE LA GRAMMAIRE DE L\u00c9VIZAC.<br>En 1797, para\u00eet \u00e0 Londres, chez Bayles, en deux volumes un ouvrage intitul\u00e9 L&rsquo;Art de parler et d&rsquo;\u00e9crire correctement la langue fran\u00e7aise, de l&rsquo;abb\u00e9 Jean Pont Victor de L\u00e9vizac [1745-1813], \u00e9migr\u00e9 \u00e0 Londres, pour refus de serment, auteur de plusieurs autres ouvrages en rapport avecl&rsquo;enseignement.<br>R\u00e9dig\u00e9e en exil l&rsquo;ouvrage conna\u00eet le succ\u00e8s et est r\u00e9\u00e9dit\u00e9 \u00e0 plusieurs reprises. Une deuxi\u00e8me \u00e9dition en 1800 ; une troisi\u00e8me \u00e9dition, \u00e0 Paris, en 1807.<\/p>\n\n\n\n<p>Cette troisi\u00e8me \u00e9dition est publi\u00e9e en 1807, r\u00e9vis\u00e9e par les soins de A. Drevet. Puis \u00e0 nouveau en 1809, comme quatri\u00e8me \u00e9dition.<br>L&rsquo;art de parler et d&rsquo;\u00e9crire correctement la langue fran\u00e7oise ou Grammaire philosophique et litt\u00e9raire de cette langue, \u00e0 l&rsquo;usage des Fran\u00e7ois et des Etrangers qui d\u00e9sirent en conna\u00eetre \u00e0 fond les principes, les beaut\u00e9s, et le g\u00e9nie.<br>Quatri\u00e8me \u00c9dition, revue par A. Drevet, sous-Directeur au Lyc\u00e9e Napol\u00e9on. Tome Premier. In-8, 428 p.,<br>[\u00c0 Paris : chez R\u00e9mont, Libraire, Rue Pav\u00e9e, n\u00b0 11, pr\u00e8s le Quai des Augustins. In-8, 381+434 pp., 1809]. Introduction. Table.<\/p>\n\n\n\n<ul class=\"wp-block-list\">\n<li>https:\/\/gallica.bnf.fr\/ark:\/12148\/bpt6k50763t\/f2.item<\/li>\n<\/ul>\n\n\n\n<p>Encore r\u00e9\u00e9dit\u00e9 en 1815 ; en 1818 ; en 1822 ; avec \u00e0 chaque fois l&rsquo;indication de A. Drevet, comme \u00ab\u00a0\u00e9diteur\u00a0\u00bb.<\/p>\n\n\n\n<ul class=\"wp-block-list\">\n<li>http:\/\/ctlf.ens-lyon.fr\/notices\/notice_383.htm<\/li>\n<\/ul>\n\n\n\n<p>L&rsquo;ouvrage est \u00e9galement \u00e9dit\u00e9 en anglais : A Theoretical and practical grammar of the French tongue in which the present usage is displayed\u2026 by M. de L\u00e9vizac. 9th edition, revised and corrected by Mr. Stone [1854].<\/p>\n\n\n\n<p>1810<br>CENSEUR-ADJOINT AU COLL\u00c8GE IMP\u00c9RIAL HENRI-IV<br>Censeur adjoint, au lyc\u00e9e puis coll\u00e8ge imp\u00e9rial Henri-IV du 30 septembre 1810 au 24 ao\u00fbt 1815, aupr\u00e8s de Joseph Dumas [1755-1837], censeur en titre, du 13 ao\u00fbt 1804 au 24 ao\u00fbt 1815.<br>Travaille sous la responsabilit\u00e9 de \u00c9tienne Auguste de Wailly [1771-1821], chronologiquement premier proviseur, du 19 ao\u00fbt 1804 au 15 mai 1821.<\/p>\n\n\n\n<p>1814<br>TROISI\u00c8ME CONSERVATEUR \u00c0 LA BIBLIOTH\u00c8QUE DU PANTH\u00c9ON.<br>A. Drevet est nomm\u00e9, en janvier 1814, \u00e0 la discr\u00e9tion de Jean Pierre de Montalivet [1766-1823], ministre de l&rsquo;Int\u00e9rieur [octobre 1809-avril 1814], troisi\u00e8me conservateur de la Biblioth\u00e8que du Panth\u00e9on [qui reprend son nom de Biblioth\u00e8que de Sainte-Genevi\u00e8ve en 1815], \u00e9tablie jusqu&rsquo;en 1851, au dernier \u00e9tage du coll\u00e8ge Henri-IV [ancienne abbaye de Sainte-Genevi\u00e8ve].<\/p>\n\n\n\n<p>Avec cette nomination, le personnel de la Biblioth\u00e8que du Panth\u00e9on est compos\u00e9 comme suit :<br>Joseph Flocon [NNN-1832], employ\u00e9 comme conservateur depuis 1806, puis administrateur perp\u00e9tuel, nomm\u00e9 en 1809, en remplacement d&rsquo;\u00c9tienne Pierre Ventenat [1757-1808], lui-m\u00eame nomm\u00e9 en 1804, et d\u00e9c\u00e9d\u00e9 le 13 ao\u00fbt 1809, \u00e0 Paris.<\/p>\n\n\n\n<p>Jean Baptiste Le Chevalier [1752-1836], premier conservateur.<br>Philippe Charles de Pav\u00e9e-Villevielle [1738-1825], second conservateur.<br>A. Drevet [1776-1846], troisi\u00e8me conservateur.<\/p>\n\n\n\n<p>L&rsquo;abb\u00e9 Nicolas Halma [1755-1828], quatri\u00e8me conservateur est nomm\u00e9 en avril 1816 ; Jean Joseph Dussault [NNN-1824], cinqui\u00e8me conservateur est nomm\u00e9 en mars 1820.<\/p>\n\n\n\n<p>A. Drevet reste en poste \u00e0 la Biblioth\u00e8que de Sainte-Genevi\u00e8ve, jusqu&rsquo;\u00e0 son d\u00e9c\u00e8s survenu en octobre 1846. Il est alors en troisi\u00e8me position.<\/p>\n\n\n\n<p>Les postes de sont \u00e9toff\u00e9s et se r\u00e9partissent de la mani\u00e8re suivante :<br>Martin Ballard de Lancy [1776-1856], Conservateur-Administrateur. D\u00e9j\u00e0 administrateur-adjoint depuis octobre 1830. Nomm\u00e9 conservateur-administrateur en mai 1832, en remplacement de Joseph Flocon.<\/p>\n\n\n\n<p>Conservateurs : Casimir Bonjour [1793-1856] ; A. Drevet [1776-1846] ; Louis Aim\u00e9 Martin [1782-1847] ; Joseph Bernard [1792-1864] ; Fr\u00e9d\u00e9ric de Brotonne [1797-1865] ; Ferdinand Denis [1798-1890].<br>Biblioth\u00e9caires : Jean Cohen ; Auguste Bossel de Saint Martin ; J. J. Pacaud ; Blanchet ; Taunay ; Moreau.<br>Sous-biblioth\u00e9caires : Bouvin ; Lafont ; Carpentier ; Trianon.<\/p>\n\n\n\n<p>1815<br>CENSEUR DES \u00c9TUDES AU COLL\u00c8GE ROYAL HENRI-IV.<br>A. Drevet est censeur des \u00e9tudes au coll\u00e8ge royal Henri-IV du 24 ao\u00fbt 1815 au 10 mars 1838, en remplacement de Joseph Dumas [1755-1837], chronologiquement premier censeur du lyc\u00e9e Henri-IV, nomm\u00e9 proviseur du coll\u00e8ge royal de Charlemagne [24 ao\u00fbt 1815-1er mars 1837].<br>C&rsquo;est un censorat particuli\u00e8rement long, qui se d\u00e9roule sur plus de vingt ans.<\/p>\n\n\n\n<p>Travaille successivement aupr\u00e8s de plusieurs proviseurs : \u00c9tienne Augustin de Wailly [1771-1821], dit Wailly a\u00een\u00e9, proviseur du 19 ao\u00fbt 1804 au 15 mai 1821 ; Antoine Auvray [1775-1855], du 28 mai 1821 au 11 f\u00e9vrier 1831 ; Alexandre Th\u00e9odore Gaillard [1793-1860], du 19 f\u00e9vrier 1831 au 30 d\u00e9cembre 1833 ; Ars\u00e8ne Liez [1790-1838], du 31 d\u00e9cembre 1833 au 10 mai 1838.<\/p>\n\n\n\n<p>1838<br>ADMIS \u00c0 LA RETRAITE.<br>A. Drevet est admis \u00e0 la retraite le 9 avril 1838. Sera remplac\u00e9 comme censeur au coll\u00e8ge royal d&rsquo;Henri-IV, pour quelques mois par Charles Fran\u00e7ois Maignien [1788-1871], du 20 mars au 15 mai 1838, puis par Guillaume Marie Jumel [1799-1879], du 15 mai 1838 au 26 mars 1841.<\/p>\n\n\n\n<p>D\u00c9CORATION.<br>Officier de l\u2019Universit\u00e9.<br>Chevalier de la L\u00e9gion d\u2019honneur [1830].<\/p>\n\n\n\n<p>SOURCE.<\/p>\n\n\n\n<ul class=\"wp-block-list\">\n<li>Charles Fierville. Archives des lyc\u00e9es, proviseurs et censeurs, 1er mai 1802-1er juillet 1893 : documents administratifs recueillis et class\u00e9s pour la premi\u00e8re fois [Paris : Firmin-Didot. In-4. LXXXV-526 p., 1894]. Quatri\u00e8me partie : notices individuelles.<\/li>\n\n\n\n<li>http:\/\/ctlf.ens-lyon.fr\/notices\/notice_383.htm<\/li>\n<\/ul>\n","protected":false},"excerpt":{"rendered":"<p>A. Drevet poursuit sans encombre, dans la capitale, sa carri\u00e8re d&rsquo;enseignant et surtout de censeur des \u00e9tudes, sous les diff\u00e9rents r\u00e9gimes qui se succ\u00e8dent : R\u00e9publique, Empire, Restauration. Obtient m\u00eame de surcro\u00eet une sorte de sin\u00e9cure en devenant en 1814 un des conservateurs de la Biblioth\u00e8que de Sainte-Genevi\u00e8ve.<\/p>\n","protected":false},"author":1,"featured_media":0,"comment_status":"closed","ping_status":"closed","sticky":false,"template":"","format":"standard","meta":{"footnotes":""},"categories":[46],"tags":[],"class_list":["post-2265","post","type-post","status-publish","format-standard","hentry","category-Histoire-de-l-education"],"_links":{"self":[{"href":"https:\/\/www.textesrares.com\/pages\/wp-json\/wp\/v2\/posts\/2265","targetHints":{"allow":["GET"]}}],"collection":[{"href":"https:\/\/www.textesrares.com\/pages\/wp-json\/wp\/v2\/posts"}],"about":[{"href":"https:\/\/www.textesrares.com\/pages\/wp-json\/wp\/v2\/types\/post"}],"author":[{"embeddable":true,"href":"https:\/\/www.textesrares.com\/pages\/wp-json\/wp\/v2\/users\/1"}],"replies":[{"embeddable":true,"href":"https:\/\/www.textesrares.com\/pages\/wp-json\/wp\/v2\/comments?post=2265"}],"version-history":[{"count":2,"href":"https:\/\/www.textesrares.com\/pages\/wp-json\/wp\/v2\/posts\/2265\/revisions"}],"predecessor-version":[{"id":2267,"href":"https:\/\/www.textesrares.com\/pages\/wp-json\/wp\/v2\/posts\/2265\/revisions\/2267"}],"wp:attachment":[{"href":"https:\/\/www.textesrares.com\/pages\/wp-json\/wp\/v2\/media?parent=2265"}],"wp:term":[{"taxonomy":"category","embeddable":true,"href":"https:\/\/www.textesrares.com\/pages\/wp-json\/wp\/v2\/categories?post=2265"},{"taxonomy":"post_tag","embeddable":true,"href":"https:\/\/www.textesrares.com\/pages\/wp-json\/wp\/v2\/tags?post=2265"}],"curies":[{"name":"wp","href":"https:\/\/api.w.org\/{rel}","templated":true}]}}