{"id":2243,"date":"2024-07-21T20:06:13","date_gmt":"2024-07-21T18:06:13","guid":{"rendered":"https:\/\/www.textesrares.com\/pages\/?p=2243"},"modified":"2024-07-21T20:13:16","modified_gmt":"2024-07-21T18:13:16","slug":"ohmer-auguste-1821-1898-de-maitre-detudes-en-province-a-proviseur-parisien","status":"publish","type":"post","link":"https:\/\/www.textesrares.com\/pages\/Histoire-de-l-education\/ohmer-auguste-1821-1898-de-maitre-detudes-en-province-a-proviseur-parisien.html","title":{"rendered":"Ohmer, Auguste (1821-1898), de ma\u00eetre d&rsquo;\u00e9tudes en province \u00e0 proviseur parisien"},"content":{"rendered":"\n<p>La double qualification [\u00c9cole normale, agr\u00e9gation de grammaire] permet \u00e0 Auguste Ohmer  au bout de vingt ans d&rsquo;enseignement de passer \u00e0 une fonction d&rsquo;autorit\u00e9 [censeur, proviseur]. La nomination \u00e0 Versailles ouvre la voie vers Paris et le prestigieux lyc\u00e9e Charlemagne.<\/p>\n\n\n\n<!--more-->\n\n\n\n<p>[Jean] Auguste Ohmer [1821-1898]. N\u00e9 le 8 mai 1821, \u00e0 \u00c9pinal [Vosges]&nbsp;; mort le 8 septembre 1898, \u00e0 \u00c9pinal.<\/p>\n\n\n\n<p>\u00c9l\u00e8ve du coll\u00e8ge d\u2019\u00c9pinal, de 1813 \u00e0 1842<br>.<br>Baccalaur\u00e9at \u00e8s-lettres [1842].<\/p>\n\n\n\n<p>1842<br>MA\u00ceTRE D\u2019\u00c9TUDES AU COLL\u00c8GE ROYAL DE NANCY.<br>Le 17 octobre 1842, Auguste Ohmer est nomm\u00e9 ma\u00eetre d\u2019\u00e9tudes au coll\u00e8ge royal de Nancy [d\u00e9partement de la Meurthe ; acad\u00e9mie de Nancy].<br>La position de ma\u00eetre d&rsquo;\u00e9tudes est au rang le plus bas de l&rsquo;\u00e9chelle d\u00e9finie \u00e0 l&rsquo;article 31 du d\u00e9cret du 17 mars 1808, portant organisation de l&rsquo;Universit\u00e9. Cependant elle n&rsquo;est accessible qu&rsquo;\u00e0 des bacheliers. En ce qui concerne l&rsquo;enseignement, le niveau juste au-dessus est celui de \u00ab r\u00e9gent de coll\u00e8ge \u00bb.<\/p>\n\n\n\n<p>1843-1845<br>CONG\u00c9.<br>Du 3 novembre 1843 au 1er octobre 1845, Auguste Ohmer obtient un cong\u00e9, qu\u2019il destine \u00e0 sa pr\u00e9paration au concours d\u2019entr\u00e9e \u00e0 l\u2019\u00c9cole normale sup\u00e9rieure.<br>Est pendant cette p\u00e9riode \u00e9l\u00e8ve boursier \u00e0 Paris, au coll\u00e8ge Sainte-Barbe.<\/p>\n\n\n\n<p>1845<br>ANCIEN \u00c9L\u00c8VE DE L\u2019\u00c9COLE NORMALE SUP\u00c9RIEURE.<br>Les r\u00e9sultats sont proclam\u00e9s le 1er novembre 1845.<br>Re\u00e7u sixi\u00e8me sur vingt, au concours d\u2019entr\u00e9e \u00e0 l\u2019\u00c9cole normale, prestigieuse institution qui \u00e0 dater du 6 d\u00e9cembre 1845 prend le nom officiel d\u2019\u00c9cole normale sup\u00e9rieure.<br>Son classement, parmi les huit premiers re\u00e7us, permet \u00e0 Auguste Ohmer de b\u00e9n\u00e9ficier d\u2019une bourse \u00e0 part enti\u00e8re. Les autres \u00e9l\u00e8ves, \u00e0 partir du neuvi\u00e8me, ne recoivent qu\u2019une demi-bourse.<br>Sa scolarit\u00e9, comme pensionnaire, se d\u00e9roule sur trois ans.<\/p>\n\n\n\n<p>Sont re\u00e7us en 1845, dans l\u2019ordre de classement&nbsp;:<br>Charles Glachant [1826-1889]&nbsp;; Elme Marie Caro [1826-1887]&nbsp;; Louis Bonnefont [1825-1881] ; Pierre Edmond Leune [1825-1912] ; Charlemagne Cuvillier [1825-1909]&nbsp;; Auguste Ohmer [1821-1898]&nbsp;; F\u00e9lix Blanchet [1826-1861]&nbsp;; Maurice Salomon [1825-1892]&nbsp;; L\u00e9on Auguste Molliard [1825-1900] ; Jean Baptiste Scolastique Cl\u00e9mencet [1825- ]&nbsp;; Charles Aubertin [1825-1908]&nbsp;; Pierre Ernest Del\u00e9pine [1824-1892]&nbsp;; Alfred M\u00e9zi\u00e8res [1826-1915]&nbsp;; Charles Mar\u00e9chal [1825-1877]&nbsp;; Adrien Delondre [1824-1863] ; Hubert Thirion [1825-1884]&nbsp;; Eug\u00e8ne Duni\u00e8re [1822-1847]&nbsp;; Charles Ernest Beul\u00e9 [1826-1874]&nbsp;; Bertrand Ernest Delilbes [1825-1908]&nbsp;; Gr\u00e9goire Eustache Moreau-Devicquet.<\/p>\n\n\n\n<p>Obtient la licence \u00e8s-lettres en 1846.<\/p>\n\n\n\n<p>1848<br>AGR\u00c9GATION DE GRAMMAIRE.<br>A la sortie de l&rsquo;\u00c9cole normale sup\u00e9rieure, Jean Auguste Ohmer est re\u00e7u, en 1848, cinqui\u00e8me sur dix-sept, au concours d\u2019agr\u00e9gation de grammaire.<\/p>\n\n\n\n<p>Les r\u00e9sultats sont proclam\u00e9s le 28 septembre 1848.<br>Sont re\u00e7us \u00e0 l\u2019agr\u00e9gation de grammaire en 1848 : L\u00e9on Auguste Molliard [1825-1900], \u00e9l\u00e8ve sortant de l&rsquo;\u00c9cole normale sup\u00e9rieure [1845] ; Baisset, r\u00e9gent de seconde au coll\u00e8ge de Toulon&nbsp;; Louis Ernest Gomond [1823-1909], ancien \u00e9l\u00e8ve de l&rsquo;\u00c9cole normale [1844], charg\u00e9 de la classe de quatri\u00e8me au lyc\u00e9e d\u2019Alen\u00e7on ; Charles Mar\u00e9chal [1825-1877], \u00e9l\u00e8ve sortant de l&rsquo;\u00c9cole normale sup\u00e9rieure [1845] ; Auguste Ohmer [1821-1898], \u00e9l\u00e8ve sortant de l&rsquo;\u00c9cole normale sup\u00e9rieure [1845] ; Charlemagne Cuvillier [1825-1909], \u00e9l\u00e8ve sortant de l&rsquo;\u00c9cole normale sup\u00e9rieure[1845] ; d&rsquo;Hennin, premier commis d\u2019\u00e9conomat au lyc\u00e9e Descartes [Louis-le-Grand]&nbsp;; Huchet, charg\u00e9 d\u2019une division de troisi\u00e8me au lyc\u00e9e de Bordeaux&nbsp;; Victor Clavel [1823-1902], ancien \u00e9l\u00e8ve de l&rsquo;\u00c9cole normale [1843], charg\u00e9 de la classe de quatri\u00e8me au lyc\u00e9e de P\u00e9rigueux ; Collin, r\u00e9p\u00e9titeur \u00e0 Paris ; Pascal Allain, ma\u00eetre de pension \u00e0 Belleville ; Bard, maitre d\u2019\u00e9tudes au lyc\u00e9e Descartes [Louis-le-Grand] ; Hubert Thirion [1825-1884], \u00e9l\u00e8ve sortant de l&rsquo;\u00c9cole normale sup\u00e9rieure [1845] ; Lucien Leclair, ancien \u00e9l\u00e8ve de l&rsquo;\u00c9cole normale [1842], charg\u00e9 de la classe de sixi\u00e8me au lyc\u00e9e Saint-\u00c9tienne ; Le Barbier, r\u00e9p\u00e9titeur \u00e0 Paris ; C\u00e9lari\u00e9, charg\u00e9 de la classe de cinqui\u00e8me au lyc\u00e9e de M\u00e2con ; Louis Morand [1819-1866], ancien \u00e9l\u00e8ve de l&rsquo;\u00c9cole normale [1840].<\/p>\n\n\n\n<p>1848<br>PROFESSEUR DE SIXI\u00c8ME AU LYC\u00c9E DE STRASBOURG.<br>Imm\u00e9diatement apr\u00e8s l\u2019agr\u00e9gation de grammaire, Auguste Ohmer est nomm\u00e9 le 28 septembre 1848, charg\u00e9 de la classe de sixi\u00e8me au lyc\u00e9e de Strasbourg [Bas-Rhin], en remplacement d\u2019Aubin.<\/p>\n\n\n\n<p>1850<br>PROFESSEUR DE CINQUI\u00c8ME AU LYC\u00c9E DE BOURGES.<br>Le 21 octobre 1850 est nomm\u00e9 professeur de cinqui\u00e8me au lyc\u00e9e de Bourges [Cher].<\/p>\n\n\n\n<p>1851<br>PROFESSEUR DE SIXI\u00c8ME AU LYC\u00c9E DE BESAN\u00c7ON.<br>Le 4 octobre 1851 est nomm\u00e9 professeur de sixi\u00e8me au lyc\u00e9e de Besan\u00e7on [Doubs], en remplacement de Jacob.<\/p>\n\n\n\n<p>1852<br>PROFESSEUR \u00c0 NOUVEAU AU LYC\u00c9E DE STRASBOURG.<br>Auguste Ohmer est nomm\u00e9 \u00e0 nouveau au lyc\u00e9e de Strasbourg. D\u2019abord, le 27 septembre 1852, comme professeur de cinqui\u00e8me, en remplacement de Nicolas Th\u00e9ophile Colsenet [1809-1883]&nbsp;; puis, au 17 septembre 1853, comme professeur de quatri\u00e8me, en remplacement de Lecomte.<\/p>\n\n\n\n<p>1854<br>PROFESSEUR AU LYC\u00c9E CHARLEMAGNE.<br>Le 27 septembre 1854, Auguste Ohmer est nomm\u00e9 \u00e0 Paris, professeur adjoint de cinqui\u00e8me au lyc\u00e9e imp\u00e9rial Charlemagne.<br>Compte tenu du nombre des \u00e9l\u00e8ves du lyc\u00e9e Charlemagne, les classes de troisi\u00e8me, quatri\u00e8me, cinqui\u00e8me, sixi\u00e8me sont d\u00e9doubl\u00e9es. Auguste Ohmer est en deuxi\u00e8me position aupr\u00e8s de Lesage, puis aupr\u00e8s de Combemale.<br>Au 20 janvier 1859, est promu professeur divisionnaire.<\/p>\n\n\n\n<p>Il y reste en poste jusqu\u2019en juillet 1861, date de sa promotion comme censeur des \u00e9tudes au lyc\u00e9e d\u2019Angoul\u00eame.<\/p>\n\n\n\n<p>1861<br>CENSEUR DES \u00c9TUDES AU LYC\u00c9E D\u2019ANGOUL\u00caME.<br>Auguste Ohmer est nomm\u00e9 le 15 juillet 1861, censeur des \u00e9tudes au lyc\u00e9e d\u2019Angoul\u00eame [d\u00e9partement de la Charente], en remplacement de Louis Ayma [1807-NNN], censeur du 23 mai 1859 au 25 juin 1861.<br>Il travaille aupr\u00e8s de Martial Charles Bourzac [1808-1885], proviseur du lyc\u00e9e, sur une tr\u00e8s longue p\u00e9riode, du 18 ao\u00fbt 1851 au 11 ao\u00fbt 1869.<br>Auguste Ohmer reste en poste jusqu\u2019en janvier 1863, date de sa promotion comme censeur au lyc\u00e9e de Lyon.<br>Auguste Ohmer est remplac\u00e9 dans son poste comme censeur au lyc\u00e9e d\u2019Angoul\u00eame par Charles Paul Auguste Ditandy [1826-NNN], censeur du 20 janvier 1863 au 10 septembre 1868.<\/p>\n\n\n\n<p>1863<br>CENSEUR DES \u00c9TUDES AU LYC\u00c9E DE LYON.<br>Auguste Ohmer est nomm\u00e9 censeur des \u00e9tudes au lyc\u00e9e imp\u00e9rial de Lyon [Rh\u00f4ne] le 20 janvier 1863, en remplacement de Louis Nicolas Legrand [1817-1888], qui n\u2019est rest\u00e9 en poste que quelques mois, du 26 ao\u00fbt au 29 d\u00e9cembre 1862.<br>Il travaille aupr\u00e8s d&rsquo;Auguste Mouillard [1807-1871], proviseur du 30 ao\u00fbt 1850 au 13 septembre 1869.<\/p>\n\n\n\n<p>Selon le principe suivi pendant une vingtaine d\u2019ann\u00e9es \u00e0 Lyon, d\u2019une rotation rapide des censeurs, Auguste Ohmer reste en poste tout juste un an, jusqu\u2019au 23 janvier 1864, date de sa nomination \u00e0 Bar-le-Duc [Meuse].<br>Il est remplac\u00e9 comme censeur par Nicolas Th\u00e9odore Alphonse Munier [1828-1887], en poste du 29 janvier 1864 au 27 ao\u00fbt 1866.<\/p>\n\n\n\n<p>1864<br>PROVISEUR DU LYC\u00c9E DE BAR-LE-DUC.<br>Le 23 janvier 1864, Auguste Ohmer est nomm\u00e9 proviseur du lyc\u00e9e de Bar-le-Duc [Meuse], en remplacement de Constant Joseph Milfaut [1803-1882], proviseur du 15 septembre 1863 au 23 janvier 1864, et admis \u00e0 faire valoir ses droits \u00e0 la retraite.<br>Cette nomination a lieu peu de temps apr\u00e8s que le coll\u00e8ge communal ait \u00e9t\u00e9 \u00e9rig\u00e9, en 1854, en lyc\u00e9e imp\u00e9rial.<\/p>\n\n\n\n<p>Cette affectation \u00e0 un poste de proviseur, m\u00eame dans un petit lyc\u00e9e, correspond \u00e0 une \u00e9tape dans une fonction d\u2019autorit\u00e9 plus importante, \u00e9tape possible pour une carri\u00e8re en progression, orient\u00e9e vers la capitale.<br>Le censeur qui travaille aupr\u00e8s de lui est d\u2019abord Jacques Guyot Paponet [1812-NNN], en fonction depuis le 24 ao\u00fbt 1860 et en poste jusqu\u2019au 11 mai 1864&nbsp;; puis Joseph Soubielle [1821-NNN], censeur du 11 mai 1864 au 6 octobre 1865. Le poste de censeur \u00e0 Bar-le-Duc est supprim\u00e9 de 1865 \u00e0 1873.<br>Auguste Ohmer reste en poste jusqu\u2019en ao\u00fbt 1865, date de sa nomination \u00e0 Paris.<br>Il est remplac\u00e9 comme proviseur \u00e0 Bar-le-Duc par Alexis Faurie [1820-NNN], ancien principal du coll\u00e8ge de Verdun, en fonction comme proviseur du 16 ao\u00fbt 1865 au 25 mars 1866, puis proviseur au lyc\u00e9e de Toulouse.<\/p>\n\n\n\n<p>1864<br>\u00c9DITION SCOLAIRE DU TEXTE GREC D\u2019IPHIG\u00c9NIE \u00c0 AULIS.<br>Publie, dans la collection Nouvelles \u00e9ditions de classiques grecs imprim\u00e9s en gros caract\u00e8res, une \u00e9dition scolaire du texte grec d\u2019Iphig\u00e9nie \u00e0 Aulis d\u2019Euripide&nbsp;: Euripide. Iphig\u00e9nie \u00e0 Aulis (texte grec). Nouvelle \u00e9dition, avec notes en fran\u00e7ais, par M. A. Ohmer, Censeur du lyc\u00e9e Saint-Louis.<br>[Paris&nbsp;: Librairie classique d&rsquo;Eug\u00e8ne Belin. Rue de Vaugirard, n\u00b0 52. In-12, 87 p., 1864].<\/p>\n\n\n\n<p>Le Minist\u00e8re de l&rsquo;Instruction publique fixe chaque ann\u00e9e la liste des auteurs d\u00e9sign\u00e9s pour la r\u00e9citation et l&rsquo;explication dans les classes de lyc\u00e9es.<br>Au 4 d\u00e9cembre 1863, pour la classe de seconde, section lettres, figure Iphig\u00e9nie d&rsquo;Euripide.<br>Ce qui explique \u00e0 partir de cette date l&rsquo;existence de plusieurs \u00e9ditions scolaires, avec quelques ann\u00e9es de retard, dans les ann\u00e9es 1868-1869 :<br>En 1868, chez Delalain et fils, par E. Pessonneaux, texte en fran\u00e7ais ; chez Hachette, par Henri Weill, sept trag\u00e9dies, texte grec. Puis en 1879, chez Poussielgue fr\u00e8res, par l&rsquo;abb\u00e9 Bierre, texte grec ; chez Lecoffre, par \u00c9mile Lefranc, texte grec.<\/p>\n\n\n\n<p>1865<br>CENSEUR DES \u00c9TUDES \u00c0 PARIS AU LYC\u00c9E SAINT-LOUIS.<br>Le 16 ao\u00fbt 1865, Auguste Ohmer est nomm\u00e9 \u00e0 Paris, comme censeur des \u00e9tudes au lyc\u00e9e Saint-Louis, en remplacement d\u2019Auguste Materne [1812-1893], censeur de septembre 1853 au 16 ao\u00fbt 1865, nomm\u00e9 deux mois apr\u00e8s censeur d\u00e9l\u00e9gu\u00e9 au lyc\u00e9e de Vanves.<\/p>\n\n\n\n<p>Il travaille aupr\u00e8s d\u2019Augustin Boutan [1820-1900], proviseur du lyc\u00e9e Saint-Louis, du 16 ao\u00fbt 1865 au 10 septembre 1868, nomm\u00e9 inspecteur de l\u2019acad\u00e9mie de Paris&nbsp;; puis aupr\u00e8s de Vincent Louis Joguet [1815-1874], censeur du 10 septembre 1868 \u00e0 novembre 1874.<br>Auguste Ohmer reste en poste jusqu\u2019au 14 ao\u00fbt 1872, date de sa nomination au lyc\u00e9e Charlemagne.<br>Il est remplac\u00e9 comme censeur \u00e0 Saint-Louis par Charles Lenglier [1817-1900], ancien censeur au lyc\u00e9e Corneille [Henri-IV], censeur \u00e0 Saint-Louis, du 14 ao\u00fbt 1872 au 4 ao\u00fbt 1881, date de sa retraite.<\/p>\n\n\n\n<p>1872<br>CENSEUR DES \u00c9TUDES AU LYC\u00c9E CHARLEMAGNE.<br>Le 14 ao\u00fbt 1872, Auguste Ohmer est nomm\u00e9 censeur des \u00e9tudes au lyc\u00e9e Charlemagne, en remplacement de Nicolas H\u00e9lie Broca [1814-1887], promu proviseur audit lyc\u00e9e, en poste du 14 ao\u00fbt 1872 au 21 septembre 1878.<br>Il travaille donc aupr\u00e8s de Broca, proviseur du lyc\u00e9e Charlemagne, du 14 ao\u00fbt 1872 au 21 septembre 1878.<br>Auguste Ohmer reste en poste jusqu\u2019en ao\u00fbt 1875, date de sa nomination comme proviseur du lyc\u00e9e de Versailles.<br>Il est remplac\u00e9 comme censeur au lyc\u00e9e Charlemagne par Charles Mar\u00e9chal [1825-1877], censeur du 25 ao\u00fbt 1875 au 30 avril 1877.<\/p>\n\n\n\n<p>1875<br>PROVISEUR DU LYC\u00c9E DE VERSAILLES.<br>Le 25 ao\u00fbt 1875, Auguste Ohmer est nomm\u00e9 proviseur du lyc\u00e9e de Versailles, en remplacement de Charles Mar\u00e9chal [1825-1877], proviseur du 29 mars 1871 au 15 septembre 1875.<br>Jules Pichot [1820-1906] travaille aupr\u00e8s de lui comme censeur, du 4 ao\u00fbt 1875 au 26 septembre 1878.<br>Auguste Ohmer reste en poste jusqu\u2019au 1er mai 1877, date \u00e0 laquelle il retourne \u00e0 Paris, comme censeur des \u00e9tudes, une deuxi\u00e8me fois, au lyc\u00e9e Charlemagne.<\/p>\n\n\n\n<p>Et remplac\u00e9 comme proviseur du lyc\u00e9e de Versailles par Eug\u00e8ne Cournu\u00e9jouls [1819-1898], nomm\u00e9 le 11 juin 1877, et en poste jusqu&rsquo;au 7 ao\u00fbt 1882.<\/p>\n\n\n\n<p>1877<br>\u00c0 NOUVEAU CENSEUR DES \u00c9TUDES AU LYC\u00c9E CHARLEMAGNE.<br>Le 30 avril 1877, Auguste Ohmer est, \u00e0 nouveau pour quelques mois, nomm\u00e9 censeur des \u00e9tudes au lyc\u00e9e Charlemagne, en remplacement de Charles Mar\u00e9chal [1825-1877], censeur du 25 ao\u00fbt 1875 au 30 avril 1877.<br>Il travaille aupr\u00e8s de Nicolas H\u00e9lie Broca [1814-1887], proviseur sur une assez longue p\u00e9riode, du 14 ao\u00fbt 1872 au 21 septembre 1878.<\/p>\n\n\n\n<p>Auguste Ohmer reste en poste jusqu\u2019en septembre 1878, date de sa promotion comme proviseur du m\u00eame lyc\u00e9e.<\/p>\n\n\n\n<p>1878<br>PROVISEUR DU LYC\u00c9E CHARLEMAGNE.<br>Le 21 septembre 1878, Jean Auguste Ohmer est nomm\u00e9 proviseur du lyc\u00e9e Charlemagne, en remplacement de Nicolas H\u00e9lie Broca [1814-1887], proviseur du 14 ao\u00fbt 1872 au 21 septembre 1878.<br>Eug\u00e8ne Jean Fallex [1824-1905] travaille aupr\u00e8s de lui comme censeur des \u00e9tudes, du 26 septembre 1878 au 2 ao\u00fbt 1882.<br>Auguste Ohmer reste en poste jusqu&rsquo;au 4 ao\u00fbt 1881, date de sa mise \u00e0 la retraite.<\/p>\n\n\n\n<p>LE PETIT GROUPE DES PROVISEURS PARISIENS.<br>Par cette nomination du 21 septembre 1878 qui intervient \u00e0 la fin de sa carri\u00e8re [Auguste Ohmer est alors \u00e2g\u00e9 de cinquante sept ans] Auguste Ohmer fait partie du groupe restreint des proviseurs parisiens : Antoine Gidel [1827-1900], proviseur de Louis-le-Grand ; L\u00e9once Grenier [1830-1924], proviseur d&rsquo;Henri-IV ; Alexandre Gautier [1822-1910], proviseur de Saint-Louis ; Auguste Ohmer [1821-1898], proviseur de Charlemagne ; Julien Girard [1820-1898], proviseur de Fontanes [Condorcet]<\/p>\n\n\n\n<p>1881<br>ADMIS \u00c0 LA RETRAITE.<br>Le 4 ao\u00fbt 1881, pour prendre effet au 1er octobre, Auguste Ohmer est admis \u00e0 faire valoir ses droits \u00e0 la retraite.<br>Il est alors remplac\u00e9 comme proviseur du lyc\u00e9e Charlemagne par Charles Lenglier [1817-1900], proviseur du 4 ao\u00fbt 1881 au 2 ao\u00fbt 1888.<\/p>\n\n\n\n<p>1883<br>MAIRE D&rsquo;\u00c9PINAL.<br>\u00c0 sa retraite, apr\u00e8s ao\u00fbt 1881, Auguste Ohmer se retire \u00e0 \u00c9pinal, dans sa ville natale, et vient habiter au 17 rue Thiers.<br>Il est maire d\u2019\u00c9pinal du 28 mai 1883 \u00e0 mai 1888, succ\u00e9dant \u00e0 Pierre Arthur Florion [1835-1900], d\u00e9missionaire, maire de janvier 1881 \u00e0 mai 1883.<br>Il est historiquement le premier maire d&rsquo;Epinal \u00e0 \u00eatre \u00e9lu par le Conseil municipal.<br>Il est remplac\u00e9 le 20 mai 1888, par Charles G\u00e9rardgeorge [1834-1895], en poste jusqu&rsquo;en mai 1892.<br>Auguste Ohmer devient Pr\u00e9sident du conseil d\u2019Arrondissement en 1886.<\/p>\n\n\n\n<p>1882<br>SOCI\u00c9T\u00c9 D\u2019\u00c9MULATION DES VOSGES.<br>Membre de la Soci\u00e9t\u00e9 d\u2019\u00e9mulation des Vosges, soci\u00e9t\u00e9 savante fond\u00e9e \u00e0 \u00c9pinal le 8 janvier 1825, de la fusion de la Soci\u00e9t\u00e9 d&rsquo;agriculture et de la Soci\u00e9t\u00e9 des antiquit\u00e9s.<br>Il s&rsquo;y fait \u00e9lire le 16 mars 1882. Devient membre de la Commission litt\u00e9raire et son pr\u00e9sident en 1887.<\/p>\n\n\n\n<p>Il est le Pr\u00e9sident de la Soci\u00e9t\u00e9 d\u2019\u00e9mulation, \u00e9lu \u00e0 la fin de 1887, prenant possession de son fauteuil le 10 f\u00e9vrier 1888.<br>A la fin de son mandat biennal, nomm\u00e9 Vice-pr\u00e9sident le 26 d\u00e9cembre 1889, et redevient \u00e0 nouveau pr\u00e9sident de la Commission litt\u00e9raire.<\/p>\n\n\n\n<p>D\u00c9CORATION.<br>Officier de l\u2019instruction publique&nbsp;[29 d\u00e9cembre 1864].<br>Chevalier de la L\u00e9gion d\u2019honneur&nbsp;[14 ao\u00fbt 1867].<\/p>\n\n\n\n<p>VARIATIONS.<br>La notice n\u00e9crologique r\u00e9dig\u00e9e pour Soci\u00e9t\u00e9 d\u2019\u00e9mulation des Vosges, par Ch. Lebrunt, indique le 8 f\u00e9vrier 1822, comme date de naissance.<\/p>\n\n\n\n<p>SOURCE.<\/p>\n\n\n\n<ul class=\"wp-block-list\">\n<li>Charles Fierville. Archives des lyc\u00e9es, proviseurs et censeurs, 1er mai 1802-1er juillet 1893&nbsp;: documents administratifs recueillis et class\u00e9s pour la premi\u00e8re fois<br>[Paris&nbsp;: Firmin-Didot. In-4. LXXXV-526 p., 1894]. Quatri\u00e8me partie&nbsp;: notices individuelles.<\/li>\n\n\n\n<li>Notice n\u00e9crologique. M. Jean Auguste Ohmer, par Ch. Lebrunt.<br>https:\/\/books.google.fr\/books?id=lcMYAAAAYAAJ&amp;pg=PA389&amp;lpg=PA389&amp;dq=Soci\u00e9t\u00e9+d\u2019\u00e9mulation+des+Vosges+ohmer&amp;source=bl&amp;ots=R3H4fvQxQS&amp;sig=ACfU3U3tJj4zJe5lINLM04UGuh6AAdzdYA&amp;hl=fr&amp;sa=X&amp;ved=2ahUKEwitmqLgpKeHAxXXVKQEHdW5Cw04HhDoAXoECAoQAw#v=onepage&amp;q=Soci\u00e9t\u00e9%20d\u2019\u00e9mulation%20des%20Vosges%20ohmer&amp;f=false<\/li>\n<\/ul>\n","protected":false},"excerpt":{"rendered":"<p>La double qualification [\u00c9cole normale, agr\u00e9gation de grammaire] permet \u00e0 Auguste Ohmer  au bout de vingt ans d&rsquo;enseignement de passer \u00e0 une fonction d&rsquo;autorit\u00e9 [censeur, proviseur]. La nomination \u00e0 Versailles ouvre la voie vers Paris et le prestigieux lyc\u00e9e Charlemagne.<\/p>\n","protected":false},"author":1,"featured_media":0,"comment_status":"closed","ping_status":"closed","sticky":false,"template":"","format":"standard","meta":{"footnotes":""},"categories":[46],"tags":[],"class_list":["post-2243","post","type-post","status-publish","format-standard","hentry","category-Histoire-de-l-education"],"_links":{"self":[{"href":"https:\/\/www.textesrares.com\/pages\/wp-json\/wp\/v2\/posts\/2243","targetHints":{"allow":["GET"]}}],"collection":[{"href":"https:\/\/www.textesrares.com\/pages\/wp-json\/wp\/v2\/posts"}],"about":[{"href":"https:\/\/www.textesrares.com\/pages\/wp-json\/wp\/v2\/types\/post"}],"author":[{"embeddable":true,"href":"https:\/\/www.textesrares.com\/pages\/wp-json\/wp\/v2\/users\/1"}],"replies":[{"embeddable":true,"href":"https:\/\/www.textesrares.com\/pages\/wp-json\/wp\/v2\/comments?post=2243"}],"version-history":[{"count":2,"href":"https:\/\/www.textesrares.com\/pages\/wp-json\/wp\/v2\/posts\/2243\/revisions"}],"predecessor-version":[{"id":2246,"href":"https:\/\/www.textesrares.com\/pages\/wp-json\/wp\/v2\/posts\/2243\/revisions\/2246"}],"wp:attachment":[{"href":"https:\/\/www.textesrares.com\/pages\/wp-json\/wp\/v2\/media?parent=2243"}],"wp:term":[{"taxonomy":"category","embeddable":true,"href":"https:\/\/www.textesrares.com\/pages\/wp-json\/wp\/v2\/categories?post=2243"},{"taxonomy":"post_tag","embeddable":true,"href":"https:\/\/www.textesrares.com\/pages\/wp-json\/wp\/v2\/tags?post=2243"}],"curies":[{"name":"wp","href":"https:\/\/api.w.org\/{rel}","templated":true}]}}