{"id":2196,"date":"2023-10-22T17:25:44","date_gmt":"2023-10-22T15:25:44","guid":{"rendered":"https:\/\/www.textesrares.com\/pages\/?p=2196"},"modified":"2023-10-22T17:27:24","modified_gmt":"2023-10-22T15:27:24","slug":"2023-09-16","status":"publish","type":"post","link":"https:\/\/www.textesrares.com\/pages\/Histoire-de-l-education\/2023-09-16.html","title":{"rendered":"Beauregard, Honor\u00e9 (1770-1837), ancien \u00e9l\u00e8ve de la premi\u00e8re \u00c9cole normale de l&rsquo;an III"},"content":{"rendered":"\n<p>Sa carri\u00e8re universitaire, se d\u00e9veloppant dans sa r\u00e9gion d&rsquo;origine [Bourg-en-Bresse, puis Lyon], s&rsquo;inscrit dans le droit fil de sa formation acc\u00e9l\u00e9r\u00e9e, o\u00f9 il b\u00e9n\u00e9ficie \u00e0 Paris, au sein de l&rsquo;\u00c9cole normale, d&rsquo;un enseignement r\u00e9volutionnaire visant \u00e0 se former \u00e0 l&rsquo;enseignement.<\/p>\n\n\n\n<!--more-->\n\n\n\n<p>Honor\u00e9 Beauregard [1770-1837]. N\u00e9 le 28 ou 29 janvier 1770, \u00e0 Bourg [Bresse&nbsp;; aujourd&rsquo;hui d\u00e9partement de l&rsquo;Ain]&nbsp;; mort le 5 novembre 1837, au hameau de Neyrieu, commune de Saint-Beno\u00eet [Ain].<\/p>\n\n\n\n<p>R\u00c9P\u00c9TITEUR DANS UN PENSIONNAT DE LYON.<br>R\u00e9p\u00e9titeur de fran\u00e7ais, de latin et de g\u00e9ographie dans un pensionnat \u00e0 Lyon, pendant cinq ans.<\/p>\n\n\n\n<p>EMPLOY\u00c9 DU D\u00c9PARTEMENT DE L&rsquo;AIN.<br>Secr\u00e9taire dans les bureaux du d\u00e9partement de l&rsquo;Ain, qui vient d&rsquo;\u00eatre cr\u00e9\u00e9 \u00e0 la suite du d\u00e9cret de l&rsquo;Assembl\u00e9e Nationale du 25 janvier 1790. D\u00e9partement portant d&rsquo;abord le nom de Bresse, puis \u00e0 partir de 1791, celui de l&rsquo;Ain.<\/p>\n\n\n\n<ol class=\"wp-block-list\" start=\"1792\">\n<li>PROFESSEUR AU COLL\u00c8GE DE BELLEY.<br>Nomm\u00e9, le 3 novembre 1792, professeur de quatri\u00e8me au coll\u00e8ge de Belley [chef-lieu d&rsquo;arrondissement de l&rsquo;Ain], dirig\u00e9 par des pr\u00eatres \u00ab Jos\u00e9phistes \u00bb, partisan d&rsquo;une supr\u00e9matie de l&rsquo;\u00c9tat sur l&rsquo;\u00c9glise.<br>Nomm\u00e9 ult\u00e9rieurement professeur de rh\u00e9torique. Y est en fonction jusqu&rsquo;en 1793, ann\u00e9e de la fermeture provisoire du coll\u00e8ge, la majorit\u00e9 des enseignants religieux ayant refus\u00e9 la prestation de serment \u00e0 la Constitution civile du clerg\u00e9.<\/li>\n\n\n\n<li>\u00c9L\u00c8VE DE L&rsquo;\u00c9COLE NORMALE DE L&rsquo;AN III.<br>Alors qu&rsquo;il est instituteur au hameau de Chemilieu [Ain], Honor\u00e9 Beauregard, du district de Belley, est d\u00e9sign\u00e9, le 14 frimaire an III [4 d\u00e9cembre 1794] par le d\u00e9partement de l&rsquo;Ain pour suivre \u00e0 Paris les diff\u00e9rents enseignements de la premi\u00e8re \u00c9cole normale de l&rsquo;an III, du 1er pluvi\u00f4se de l&rsquo;an III [20 janvier 1795] au 30 flor\u00e9al de l&rsquo;an III [19 mai 1795].<\/li>\n<\/ol>\n\n\n\n<p>Les archives gardent la trace de la signature d&rsquo;Honor\u00e9 Beauregard pour la p\u00e9tition dat\u00e9e du 19 flor\u00e9al an III [8 mai 1795] dans laquelle les \u00e9l\u00e8ves de l&rsquo;\u00c9cole demandent \u00e0 la Convention nationale quelles indemnit\u00e9s ils toucheront pour leur voyage de retour et quelles fonctions ils occuperont ult\u00e9rieurement dans l&rsquo;Instruction publique.<\/p>\n\n\n\n<ol class=\"wp-block-list\" start=\"1796\">\n<li>PROFESSEUR DE LANGUES ANCIENNES \u00c0 L&rsquo;\u00c9COLE CENTRALE DE L&rsquo;AIN.<br>Honor\u00e9 Beauregard est nomm\u00e9 titulaire de la chaire de Langues anciennes \u00e0 l&rsquo;\u00c9cole centrale du d\u00e9partement de l&rsquo;Ain, \u00e9tablie \u00e0 Bourg.<br>Compte-tenu de la structure de l&rsquo;enseignement dans les \u00c9coles centrales, Honor\u00e9 Beauregard est professeur dans la premi\u00e8re section ouverte aux \u00e9l\u00e8ves ayant au minimum douze ans, et qui re\u00e7oivent un enseignement de Dessin, avec Claude Fran\u00e7ois Xavier Gastel [1773-NNN], puis Innocent Goubaud [1780-1847]&nbsp;; d&rsquo;Histoire naturelle, avec Jean Claude Luc [1754-NNN]&nbsp;; de Langues anciennes, avec Honor\u00e9 Beauregard [1770-1837], puis \u00e0 partir de 1800, avec Claude Valen\u00e7ot [1765-NNN].&nbsp;<\/li>\n<\/ol>\n\n\n\n<p>Il assure son enseignement, \u00e0 partir de l&rsquo;installation de l&rsquo;\u00c9cole, le 1er niv\u00f4se an V [21 d\u00e9cembre 1796]. Et reste en poste jusque vers 1800, pour assurer l&rsquo;enseignement d&rsquo;histoire.<\/p>\n\n\n\n<ol class=\"wp-block-list\" start=\"1800\">\n<li>PROFESSEUR D&rsquo;HISTOIRE \u00c0 L&rsquo;\u00c9COLE CENTRALE DE L&rsquo;AIN.<br>Vers 1800, Honor\u00e9 Beauregard prend en charge, toujours \u00e0 l&rsquo;\u00c9cole centrale du d\u00e9partement de l&rsquo;Ain, l&rsquo;enseignement d&rsquo;Histoire, en remplacement de Pierre Fran\u00e7ois Durand, amen\u00e9 \u00e0 quitter ses fonctions sous la pression de Jean Antoine Ozun [1768-1802], pr\u00e9fet du d\u00e9partement.<br>Honor\u00e9 Beauregard est alors professeur dans la troisi\u00e8me section ouverte aux \u00e9l\u00e8ves ayant au minimum seize ans, et recevant un enseignement de Grammaire g\u00e9n\u00e9rale, avec Pierre Fran\u00e7ois Durand&nbsp;; de Belles-Lettres avec Louis Fran\u00e7ois Emmanuel Mermet&nbsp;[1763-1825] ; d&rsquo;Histoire avec Honor\u00e9 Beauregard&nbsp;; de L\u00e9gislation, avec Jean Fran\u00e7ois Marie Grindon.<br>Reste en fonction jusqu&rsquo;en 1803. Apr\u00e8s la suppression de l&rsquo;\u00c9cole centrale, fix\u00e9e d\u00e9finitivement au 1er niv\u00f4se an XI [22 d\u00e9cembre 1802], Honor\u00e9 Beauregard est nomm\u00e9 \u00e0 l&rsquo;\u00c9cole secondaire communale de Bourg.<\/li>\n\n\n\n<li>PROFESSEUR DE BELLES-LETTRES \u00c0 L&rsquo;\u00c9COLE SECONDAIRE DE BOURG.<br>Honor\u00e9 Beauregard est nomm\u00e9 le 27 messidor an XI [16 juillet 1803] professeur de Belles-lettres \u00e0 l&rsquo;\u00c9cole secondaire communale de Bourg, cr\u00e9\u00e9e en 1803 de l&rsquo;amalgame de deux \u00e9coles secondaires d\u00e9j\u00e0 existantes.<br>Puis professeur de rh\u00e9torique. Il y reste en fonction jusqu&rsquo;en 1811.<\/li>\n\n\n\n<li>PROFESSEUR D&rsquo;HUMANIT\u00c9S AU LYC\u00c9E IMP\u00c9RIAL DE LYON.<br>Nomm\u00e9 par arr\u00eat\u00e9 du 10 octobre 1811 professeur de premi\u00e8re ann\u00e9e d\u2019humanit\u00e9s au lyc\u00e9e de Lyon [\u00e9tabli le 22 mars 1803], en remplacement de Jean Marie Tourret [1775-1831], nomm\u00e9 censeur des \u00e9tudes, au lyc\u00e9e imp\u00e9rial de N\u00eemes.<\/li>\n<\/ol>\n\n\n\n<p>Professeur de troisi\u00e8me en 1816, au lyc\u00e9e de Lyon devenu coll\u00e8ge royal, Honor\u00e9 Beauregard demande sa mise \u00e0 la retraite pour des raisons de sant\u00e9. Se retire \u00e0 Neyrieu [d\u00e9partement de l&rsquo;Ain] o\u00f9 il est propri\u00e9taire.<\/p>\n\n\n\n<p>Associ\u00e9-correspondant de la Soci\u00e9t\u00e9 d&rsquo;\u00e9mulation et d&rsquo;agriculture de l&rsquo;Ain.<\/p>\n\n\n\n<p>\u2022 http:\/\/lakanal-1795.huma-num.fr\/wiki\/Beauregard_Honor%C3%A9<\/p>\n\n\n\n<p><\/p>\n","protected":false},"excerpt":{"rendered":"<p>Beauregard, Honor\u00e9 (1770-1837), sa carri\u00e8re universitaire, se d\u00e9veloppant dans sa r\u00e9gion d&rsquo;origine [Bourg-en-Bresse, puis Lyon], s&rsquo;inscrit dans le droit fil de sa formation acc\u00e9l\u00e9r\u00e9e, o\u00f9 il b\u00e9n\u00e9ficie \u00e0 Paris, au sein de l&rsquo;\u00c9cole normale, d&rsquo;un enseignement r\u00e9volutionnaire visant \u00e0 se former \u00e0 l&rsquo;enseignement.<\/p>\n","protected":false},"author":1,"featured_media":0,"comment_status":"closed","ping_status":"closed","sticky":false,"template":"","format":"standard","meta":{"footnotes":""},"categories":[46],"tags":[],"class_list":["post-2196","post","type-post","status-publish","format-standard","hentry","category-Histoire-de-l-education"],"_links":{"self":[{"href":"https:\/\/www.textesrares.com\/pages\/wp-json\/wp\/v2\/posts\/2196","targetHints":{"allow":["GET"]}}],"collection":[{"href":"https:\/\/www.textesrares.com\/pages\/wp-json\/wp\/v2\/posts"}],"about":[{"href":"https:\/\/www.textesrares.com\/pages\/wp-json\/wp\/v2\/types\/post"}],"author":[{"embeddable":true,"href":"https:\/\/www.textesrares.com\/pages\/wp-json\/wp\/v2\/users\/1"}],"replies":[{"embeddable":true,"href":"https:\/\/www.textesrares.com\/pages\/wp-json\/wp\/v2\/comments?post=2196"}],"version-history":[{"count":3,"href":"https:\/\/www.textesrares.com\/pages\/wp-json\/wp\/v2\/posts\/2196\/revisions"}],"predecessor-version":[{"id":2200,"href":"https:\/\/www.textesrares.com\/pages\/wp-json\/wp\/v2\/posts\/2196\/revisions\/2200"}],"wp:attachment":[{"href":"https:\/\/www.textesrares.com\/pages\/wp-json\/wp\/v2\/media?parent=2196"}],"wp:term":[{"taxonomy":"category","embeddable":true,"href":"https:\/\/www.textesrares.com\/pages\/wp-json\/wp\/v2\/categories?post=2196"},{"taxonomy":"post_tag","embeddable":true,"href":"https:\/\/www.textesrares.com\/pages\/wp-json\/wp\/v2\/tags?post=2196"}],"curies":[{"name":"wp","href":"https:\/\/api.w.org\/{rel}","templated":true}]}}