{"id":2022,"date":"2022-09-08T20:56:17","date_gmt":"2022-09-08T18:56:17","guid":{"rendered":"https:\/\/www.textesrares.com\/pages\/?p=2022"},"modified":"2022-09-08T20:56:19","modified_gmt":"2022-09-08T18:56:19","slug":"bouisset-jean-1735-1825-premier-titulaire-de-la-chaire-de-litterature-latine-a-caen","status":"publish","type":"post","link":"https:\/\/www.textesrares.com\/pages\/Histoire-de-l-education\/bouisset-jean-1735-1825-premier-titulaire-de-la-chaire-de-litterature-latine-a-caen.html","title":{"rendered":"Bouisset, Jean (1735-1825), premier titulaire de la chaire de Litt\u00e9rature latine \u00e0 Caen"},"content":{"rendered":"\n<p>Parcours typique de Jean Bouisset (1735-1825), un lettr\u00e9, qui trouve sa place aussi bien dans le cadre de l\u2019Universit\u00e9 imp\u00e9riale que dans celui de l\u2019Universit\u00e9 royale.<\/p>\n\n\n\n<!--more-->\n\n\n\n<p>Abb\u00e9 Jean Bouisset [1735-1825].<\/p>\n\n\n\n<p>[autres formes du nom&nbsp;: Bouiset, Bou\u00efsset].<\/p>\n\n\n\n<p>N\u00e9 en 1735, \u00e0 Balleroy [aujourd&rsquo;hui d\u00e9partement du Calvados]&nbsp;; mort le 5 juillet 1825, \u00e0 Balleroy.<\/p>\n\n\n\n<p>AVANT LA R\u00c9VOLUTION.<\/p>\n\n\n\n<p>Chanoine de la cath\u00e9drale de Bayeux et b\u00e9n\u00e9ficiaire d&rsquo;une pension sur une abbaye.<\/p>\n\n\n\n<p>Professeur de rh\u00e9torique \u00e0 Caen, au coll\u00e8ge du Bois [1759-1766].<\/p>\n\n\n\n<p>Pr\u00e9cepteur, \u00e0 Paris, des enfants de l&rsquo;intendant Fran\u00e7ois Jean Orceau, baron de Fontette [1718-1794], intendant de la G\u00e9n\u00e9ralit\u00e9 de Caen.<\/p>\n\n\n\n<p>Fr\u00e9quente le cercle des philosophes. Conna\u00eet Helv\u00e9tius, d&rsquo;Holbach. Est pr\u00e9sent\u00e9 \u00e0 Voltaire.<\/p>\n\n\n\n<p>Fait partie du conseil priv\u00e9 du comte de Provence [futur Louis XVIII].<\/p>\n\n\n\n<p>A la R\u00e9volution revient dans son pays natal, et doit gagner sa vie.<\/p>\n\n\n\n<p>Est impliqu\u00e9 dans l\u2019insurrection f\u00e9d\u00e9raliste \u00e0 Caen en 1793.<\/p>\n\n\n\n<p>PROFESSEUR D\u2019HISTOIRE \u00c0 L\u2019\u00c9COLE CENTRALE DU CALVADOS.<\/p>\n\n\n\n<p>Jean Bouisset est nomm\u00e9, en octobre 1796, titulaire de la chaire de Belles-lettres \u00e0 l&rsquo;\u00c9cole centrale du d\u00e9partement du Calvados [Caen], en remplacement de Thomas Charles Alexandre J\u00e9hanne, non-acceptant.<\/p>\n\n\n\n<p>En m\u00eame temps que Pierre Pottier [NNN-1807], professeur de langues anciennes ; Fran\u00e7ois Joseph Quesnot [1765-1805], professeur de math\u00e9matiques ; l\u2019abb\u00e9 Pierre Fran\u00e7ois Toussaint de Larivi\u00e8re [1762-1829, professeur de grammaire g\u00e9n\u00e9rale ; Fran\u00e7ois Pierre Fleuriau [1764-1810], professeur de dessin ; Jean Baptiste Thomas Gabriel H\u00e9bert [1769-1839], biblioth\u00e9caire.<\/p>\n\n\n\n<p>Est en m\u00eame temps pr\u00e9sident de l\u2019administration de l\u2019\u00e9cole centrale de Caen en l\u2019an VI.<\/p>\n\n\n\n<p>En novembre 1797 nomm\u00e9 professeur de Litt\u00e9rature.<\/p>\n\n\n\n<p>PROFESSEUR DE BELLES-LETTRES.<\/p>\n\n\n\n<p>Apr\u00e8s la suppression de l&rsquo;\u00c9cole centrale, fix\u00e9e d\u00e9finitivement au 1er brumaire an XII [24 octobre 1803], Jean Bouisset est nomm\u00e9 professeur de Belles-Lettres au lyc\u00e9e imp\u00e9rial de Caen.<\/p>\n\n\n\n<p>Leroy, Pierre Pottier [NNN-1807], Ribard sont les professeurs de latin, de la troisi\u00e8me classe \u00e0 la premi\u00e8re.<\/p>\n\n\n\n<p>PROFESSEUR DE LITT\u00c9RATURE LATINE \u00c0 LA FACULT\u00c9 DES LETTRES DE CAEN.<\/p>\n\n\n\n<p>Professeur de Litt\u00e9rature latine \u00e0 la Facult\u00e9 des lettres de Caen, titulaire de la chaire de 1809 \u00e0 1824. Il y est nomm\u00e9 au moment de la cr\u00e9ation de la Facult\u00e9 des Lettres.<\/p>\n\n\n\n<p>Sont alors enseignants : en Philosophie, Nicolas Tyrard Deslongchamps [1750-1821], en m\u00eame temps doyen de la Facult\u00e9 et professeur de philosophie au lyc\u00e9e imp\u00e9rial de Caen ; en Litt\u00e9rature latine, Jean Bouisset [1735-1825] ; en Litt\u00e9rature fran\u00e7aise, Thomas Bellenger [1743-1824] ; en Histoire, l&rsquo;abb\u00e9 Gervais de la Rue [1751-1835].<\/p>\n\n\n\n<p>En 1810-1814 Jean Bouisset se fait suppl\u00e9er par J\u00e9r\u00f4me Balthazard Lev\u00e9e [1769-1835]. \u00c0 partir de 1814, il se fait suppl\u00e9er dans la chaire de Litt\u00e9rature latine par H\u00e9ron de la Thuilerie [1771-NNN] et en 1816-1824, par Fr\u00e9d\u00e9ric Vaultier [1772-1843].<\/p>\n\n\n\n<p>Admis \u00e0 faire valoir des droits \u00e0 la retraite le 28 f\u00e9vrier 1824. Re\u00e7oit le titre de professeur honoraire.<\/p>\n\n\n\n<p>En 1824, apr\u00e8s sa mise \u00e0 la retraite, est remplac\u00e9 par Pierre Maillet-Lacoste [1778-1860], professeur de rh\u00e9torique au coll\u00e8ge royal de Rouen, titulaire de la chaire de Litt\u00e9rature latine \u00e0 Caen, de 1824 \u00e0 1842.<\/p>\n\n\n\n<p>Membre de l&rsquo;Acad\u00e9mie des Sciences, arts et belles-lettres de Caen, depuis 1761 [directeur en 1763, lecteur de 1762 \u00e0 1782].<\/p>\n\n\n\n<p>PUBLIE&nbsp;:<\/p>\n\n\n\n<p>Ode sur la minorit\u00e9 de Louis XV.<\/p>\n\n\n\n<p>Discours prononc\u00e9 \u00e0 Bal-sur-Dr\u00f4me, ci-devant Balleroy, \u00e0 l&rsquo;occasion de l&rsquo;anniversaire du 10 ao\u00fbt (1792). In-8, 13 p.<\/p>\n\n\n\n<p>Discours prononc\u00e9 \u00e0 la C\u00e9r\u00e9monie fun\u00e8bre du 20 prairial [an VII] (8 juin 1797), par le citoyen Bouisset, Professeur de litt\u00e9rature \u00e0 l\u2019\u00c9cole centrale du Calvados [Caen : de l\u2019imprimerie de Boullay-Malassis. In-8, 8 p [ s.d.]. [en M\u00e9moire des ministres fran\u00e7ais \u00e9gorg\u00e9s \u00e0 Rastadt]<\/p>\n\n\n\n<p>Invocation \u00e0 l&rsquo;\u00catre Supr\u00eame et impr\u00e9cations contre les parjures. 1798.<\/p>\n\n\n\n<p>Notice historique sur Fran\u00e7ois-Joseph Quesnot, professeur de math\u00e9matiques transcendantes au Lyc\u00e9e de Caen et membre de l&rsquo;Acad\u00e9mie&#8230; de la m\u00eame ville, par M. Bouisset,&#8230; lu \u00e0 la s\u00e9ance&#8230; du 24 vent\u00f4se an XIII [Caen : Vve Lebaron, an XIII-1805].<\/p>\n\n\n\n<figure class=\"wp-block-embed\"><div class=\"wp-block-embed__wrapper\">\nhttps:\/\/gallica.bnf.fr\/ark:\/12148\/bpt6k58096298.texteImage\n<\/div><\/figure>\n\n\n\n<p>SOURCE.<\/p>\n\n\n\n<p>\u2022 Fran\u00e7oise Huguet et Boris Nogu\u00e8s. Les Professeurs des facult\u00e9s des lettres et des sciences en France au XIXe si\u00e8cle (1808-1880).<\/p>\n\n\n\n<p>http:\/\/facultes19.ish-lyon.cnrs.fr\/fiche.php?indice=130<\/p>\n","protected":false},"excerpt":{"rendered":"<p>Parcours typique de Jean Bouisset (1735-1825), un lettr\u00e9, qui trouve sa place aussi bien dans le cadre de l\u2019Universit\u00e9 imp\u00e9riale que dans celui de l\u2019Universit\u00e9 royale.<\/p>\n","protected":false},"author":1,"featured_media":0,"comment_status":"closed","ping_status":"closed","sticky":false,"template":"","format":"standard","meta":{"footnotes":""},"categories":[46],"tags":[],"class_list":["post-2022","post","type-post","status-publish","format-standard","hentry","category-Histoire-de-l-education"],"_links":{"self":[{"href":"https:\/\/www.textesrares.com\/pages\/wp-json\/wp\/v2\/posts\/2022","targetHints":{"allow":["GET"]}}],"collection":[{"href":"https:\/\/www.textesrares.com\/pages\/wp-json\/wp\/v2\/posts"}],"about":[{"href":"https:\/\/www.textesrares.com\/pages\/wp-json\/wp\/v2\/types\/post"}],"author":[{"embeddable":true,"href":"https:\/\/www.textesrares.com\/pages\/wp-json\/wp\/v2\/users\/1"}],"replies":[{"embeddable":true,"href":"https:\/\/www.textesrares.com\/pages\/wp-json\/wp\/v2\/comments?post=2022"}],"version-history":[{"count":1,"href":"https:\/\/www.textesrares.com\/pages\/wp-json\/wp\/v2\/posts\/2022\/revisions"}],"predecessor-version":[{"id":2023,"href":"https:\/\/www.textesrares.com\/pages\/wp-json\/wp\/v2\/posts\/2022\/revisions\/2023"}],"wp:attachment":[{"href":"https:\/\/www.textesrares.com\/pages\/wp-json\/wp\/v2\/media?parent=2022"}],"wp:term":[{"taxonomy":"category","embeddable":true,"href":"https:\/\/www.textesrares.com\/pages\/wp-json\/wp\/v2\/categories?post=2022"},{"taxonomy":"post_tag","embeddable":true,"href":"https:\/\/www.textesrares.com\/pages\/wp-json\/wp\/v2\/tags?post=2022"}],"curies":[{"name":"wp","href":"https:\/\/api.w.org\/{rel}","templated":true}]}}