{"id":1992,"date":"2022-02-06T19:48:19","date_gmt":"2022-02-06T18:48:19","guid":{"rendered":"https:\/\/www.textesrares.com\/pages\/?p=1992"},"modified":"2022-02-06T19:48:21","modified_gmt":"2022-02-06T18:48:21","slug":"riaux-francis-marie-1810-1883-agrege-de-philosophie-en-1834","status":"publish","type":"post","link":"https:\/\/www.textesrares.com\/pages\/Agreges-de-philosophie\/riaux-francis-marie-1810-1883-agrege-de-philosophie-en-1834.html","title":{"rendered":"Riaux, Francis Marie (1810-1883), agr\u00e9g\u00e9 de philosophie en 1834"},"content":{"rendered":"\n<p>Malgr\u00e9 des d\u00e9m\u00eal\u00e9s avec un \u00e9v\u00eaque, carri\u00e8re relativement classique d\u2019un ancien normalien [1830], docteur \u00e8s-lettres [1840], qui apr\u00e8s quelques affectations en province et \u00e0 Paris est nomm\u00e9 professeur de Facult\u00e9, \u00e0 Rennes [1838], puis \u00e0 Bordeaux [1858].<\/p>\n\n\n\n<!--more-->\n\n\n\n<p>Fran\u00e7is Marie Riaux [1810-1883]. N\u00e9 le 2 d\u00e9cembre 1810, \u00e0 Rennes [Ille-et-Vilaine] ; mort le 19 f\u00e9vrier 1883, \u00e0 Paris [Seine].<\/p>\n\n\n\n<p>\u00c9TUDES.<br>\u00c9l\u00e8ve de l\u2019\u00c9cole normale [6 ao\u00fbt 1830]. 2\/12.<br>Agr\u00e9gation de philosophie [3 septembre 1834]. 2\/2.<br>Sont re\u00e7us en 1834 : Marcel Courtade [1803-1873], r\u00e9gent, charg\u00e9 du cours de philosophie au coll\u00e8ge royal d\u2019Auch ; Fran\u00e7is Marie Riaux [1810-1883], \u00e9l\u00e8ve actuel l\u2019\u00c9cole normale.<\/p>\n\n\n\n<p>Doctorat \u00e8s-lettres [Paris, ao\u00fbt 1840]. Dissertation sur Parm\u00e9nide d\u2019\u00c9l\u00e9e, suivi du texte et de la traduction des fragments.<br>Th\u00e8se latine : De vero ontologiiae fundamento.<\/p>\n\n\n\n<p>CARRI\u00c8RE.<br>Apr\u00e8s l\u2019agr\u00e9gation de philosophie est nomm\u00e9 professeur de philosophie au coll\u00e8ge royal de Bourges [11 septembre 1834-1837\u00b0], en remplacement de Joseph Tissot en poste de 1832 \u00e0 septembre 1834.<br>Professeur de philosophie au coll\u00e8ge royal de Rennes [15 septembre 1837], en remplacement de Jean Fran\u00e7ois Alain Caro, qui passe au coll\u00e8ge royal de Bourges.<br>Professeur de Philosophie \u00e0 la Facult\u00e9 des Lettres de Rennes, comme suppl\u00e9ant [18 septembre 1838] de F\u00e9lix Ravaisson, puis charg\u00e9 du cours [9 septembre 1839-1841], et professeur titulaire [1841-septembre 1847]. Remplac\u00e9 ult\u00e9rieurement \u00e0 la Facult\u00e9 des Lettres de Rennes par Charles Jeannel.<br>S\u2019\u00e9tait port\u00e9 candidat en novembre 1844, sans succ\u00e8s, aux fonctions de doyen de la Facult\u00e9, en succession de Pierre Varin, nomm\u00e9 conservateur-adjoint \u00e0 la Biblioth\u00e8que de l\u2019Arsenal.<br>Professeur de philosophie, puis de logique \u00e0 Paris, au coll\u00e8ge Charlemagne, comme professeur divisionnaire de la seconde division [15 septembre 1847].<br>Suppl\u00e9ance de la classe de philosophie, au coll\u00e8ge Charlemagne, en remplacement d\u2019Adolphe Franck, \u00e0 nouveau en cong\u00e9 [septembre 1848].<br>Professeur de logique \u00e0 Paris, au lyc\u00e9e imp\u00e9rial Bonaparte (Condorcet) [17 janvier 1856-novembre 1858].<br>Charg\u00e9 de cours de philosophie \u00e0 la Facult\u00e9 des Lettres de Bordeaux [novembre 1858] aupr\u00e8s de Louis Lefranc, professeur suppl\u00e9ant [1858-1859], professeur titulaire [1859-1872].<br>Admis \u00e0 la retraite le 1er janvier 1862.<\/p>\n\n\n\n<p>SOURCES.<br>\u2022 https:\/\/data.bnf.fr\/fr\/12173389\/francis-marie_riaux\/<br>\u2022 Fran\u00e7oise Huguet et Boris Nogu\u00e8s \u00ab Les professeurs des facult\u00e9s des lettres et des sciences en France au XIXe si\u00e8cle (1808-1880) \u00bb.<br>http:\/\/facultes19.ish-lyon.cnrs.fr\/fiche.php?indice=1324<\/p>\n","protected":false},"excerpt":{"rendered":"<p>Malgr\u00e9 des d\u00e9m\u00eal\u00e9s avec un \u00e9v\u00eaque, carri\u00e8re relativement classique d\u2019un ancien normalien [1830], docteur \u00e8s-lettres [1840], qui apr\u00e8s quelques affectations en province et \u00e0 Paris est nomm\u00e9 professeur de Facult\u00e9, \u00e0 Rennes [1838], puis \u00e0 Bordeaux [1858].<\/p>\n","protected":false},"author":1,"featured_media":0,"comment_status":"closed","ping_status":"closed","sticky":false,"template":"","format":"standard","meta":{"footnotes":""},"categories":[42],"tags":[],"class_list":["post-1992","post","type-post","status-publish","format-standard","hentry","category-Agreges-de-philosophie"],"_links":{"self":[{"href":"https:\/\/www.textesrares.com\/pages\/wp-json\/wp\/v2\/posts\/1992","targetHints":{"allow":["GET"]}}],"collection":[{"href":"https:\/\/www.textesrares.com\/pages\/wp-json\/wp\/v2\/posts"}],"about":[{"href":"https:\/\/www.textesrares.com\/pages\/wp-json\/wp\/v2\/types\/post"}],"author":[{"embeddable":true,"href":"https:\/\/www.textesrares.com\/pages\/wp-json\/wp\/v2\/users\/1"}],"replies":[{"embeddable":true,"href":"https:\/\/www.textesrares.com\/pages\/wp-json\/wp\/v2\/comments?post=1992"}],"version-history":[{"count":1,"href":"https:\/\/www.textesrares.com\/pages\/wp-json\/wp\/v2\/posts\/1992\/revisions"}],"predecessor-version":[{"id":1993,"href":"https:\/\/www.textesrares.com\/pages\/wp-json\/wp\/v2\/posts\/1992\/revisions\/1993"}],"wp:attachment":[{"href":"https:\/\/www.textesrares.com\/pages\/wp-json\/wp\/v2\/media?parent=1992"}],"wp:term":[{"taxonomy":"category","embeddable":true,"href":"https:\/\/www.textesrares.com\/pages\/wp-json\/wp\/v2\/categories?post=1992"},{"taxonomy":"post_tag","embeddable":true,"href":"https:\/\/www.textesrares.com\/pages\/wp-json\/wp\/v2\/tags?post=1992"}],"curies":[{"name":"wp","href":"https:\/\/api.w.org\/{rel}","templated":true}]}}