{"id":1908,"date":"2021-10-20T21:49:27","date_gmt":"2021-10-20T19:49:27","guid":{"rendered":"https:\/\/www.textesrares.com\/pages\/?p=1908"},"modified":"2021-10-20T21:49:29","modified_gmt":"2021-10-20T19:49:29","slug":"burdeau-auguste-1851-1894-professeur-de-philosophie-et-homme-politique","status":"publish","type":"post","link":"https:\/\/www.textesrares.com\/pages\/Agreges-de-philosophie\/burdeau-auguste-1851-1894-professeur-de-philosophie-et-homme-politique.html","title":{"rendered":"Burdeau, Auguste (1851-1894), professeur de philosophie et homme politique"},"content":{"rendered":"\n<p>Ancien \u00e9l\u00e8ve de l&rsquo;\u00c9cole normale sup\u00e9rieure [1870], agr\u00e9g\u00e9 de philosophie [1874]. Premiers postes en province [Grenoble, Saint-Etienne, Nancy], puis \u00e0 Paris [Saint-Louis, Louis-le-Grand]. Il m\u00e8ne une carri\u00e8re politique : chef, puis directeur de cabinet aupr\u00e8s de Paul Bert ; d\u00e9put\u00e9 ; ministre [Marine et colonies, Finances]. Et enfin, pour quelques mois, Pr\u00e9sident de la Chambre des d\u00e9put\u00e9s [1894].<\/p>\n\n\n\n<!--more-->\n\n\n\n<p>Auguste [Laurent] Burdeau [1851-1894].<br>N\u00e9 le 10 septembre 1851, \u00e0 Lyon [Rh\u00f4ne] ; mort le 1er d\u00e9cembre 1894, \u00e0 Paris.<\/p>\n\n\n\n<p>\u00c9TUDES.<br>Interne boursier au lyc\u00e9e de Lyon.<br>\u00c9l\u00e8ve \u00e0 Paris du coll\u00e8ge Sainte-Barbe, et du lyc\u00e9e Louis-le-Grand.<br>Ancien \u00e9l\u00e8ve de l&rsquo;\u00c9cole normale sup\u00e9rieure [5 ao\u00fbt 1870]. 12\/18.<br>Engag\u00e9 militaire, bless\u00e9, prisonnier, \u00e9vad\u00e9.<\/p>\n\n\n\n<p>Agr\u00e9gation de philosophie [8 septembre 1874]. 1\/4.<br>Sont re\u00e7us en 1874 : Auguste Burdeau [1851-1894], \u00e9l\u00e8ve sortant de l&rsquo;\u00c9cole normale sup\u00e9rieure [1870] ; \u00c9mile Boirac [1851-1917], charg\u00e9 de cours de philosophie au lyc\u00e9e d\u2019\u00c9vreux [1874] ; Louis Frochier [1852-1884], \u00e9l\u00e8ve sortant de l&rsquo;\u00c9cole normale sup\u00e9rieure [1870] ; Albert Debon [1850-1929], \u00e9l\u00e8ve sortant de l&rsquo;\u00c9cole normale sup\u00e9rieure [1870].<\/p>\n\n\n\n<p>Apr\u00e8s l\u2019agr\u00e9gation de philosophie est nomm\u00e9 charg\u00e9 de cours au lyc\u00e9e de Grenoble [28 septembre 1874-janvier 1876], en remplacement d\u2019\u00c9tienne Barbut, nomm\u00e9 \u00e0 Toulouse.<br>Professeur au lyc\u00e9e de Saint-\u00c9tienne [11 janvier 1876-septembre 1879], en remplacement de Barthe, nomm\u00e9 au lyc\u00e9e de Grenoble.<br>Professeur de philosophie au lyc\u00e9e de Nancy [2 septembre 1879-janvier 1880], en remplacement de Victor Brochard, nomm\u00e9 professeur divisionnaire de philosophie \u00e0 Paris, au lyc\u00e9e Fontanes (Condorcet).<br>Professeur divisionnaire suppl\u00e9mentaire \u00e0 Paris, au lyc\u00e9e Saint-Louis [1880].<br>Professeur divisionnaire \u00e0 Paris, au lyc\u00e9e Louis-le-Grand [18 octobre 1880-novembre 1881].<br>Chef de cabinet de Paul Bert, ministre de l\u2019Instruction publique [novembre 1881-f\u00e9vrier 1882].<br>Professeur de philosophie \u00e0 Paris, au lyc\u00e9e Louis-le-Grand [6 f\u00e9vrier 1882-1884].<br>Directeur de cabinet du ministre Paul Bert.<br>D\u00e9put\u00e9 du Rh\u00f4ne, premi\u00e8re circonscription de Lyon [18 octobre 1885-1894].<br>Ministre de la Marine et des Colonies [1892-1893] ; puis Ministre des Finances [1893-1894], dans le gouvernement de Casimir-P\u00e9rier.<br>Vice-Pr\u00e9sident [27 f\u00e9vrier 1892], puis Pr\u00e9sident de la Chambre des d\u00e9put\u00e9s [3 juillet-12 d\u00e9cembre 1894], en succession de Jean Casimir-P\u00e9rier, \u00e9lu Pr\u00e9sident de la R\u00e9publique. .<br>D\u00e9c\u00e9d\u00e9 en fonction.<\/p>\n\n\n\n<p>HONNEURS.<br>Chevalier de la L\u00e9gion d\u2018Honneur. 9 d\u00e9cembre 1871, au titre du minist\u00e8re de la Guerre.<\/p>\n\n\n\n<p>SOURCES.<br>\u2022 Annuaire EN 1895 [Pages 94-109. Notice Am\u00e9d\u00e9e Gasquet].<br>\u2022 https:\/\/data.bnf.fr\/fr\/11894541\/auguste_burdeau<br>\u2022 https:\/\/www2.assemblee-nationale.fr\/sycomore\/fiche\/(num_dept)\/1312<\/p>\n","protected":false},"excerpt":{"rendered":"<p>Ancien \u00e9l\u00e8ve de l&rsquo;\u00c9cole normale sup\u00e9rieure [1870], agr\u00e9g\u00e9 de philosophie [1874]. Premiers postes en province [Grenoble, Saint-Etienne, Nancy], puis \u00e0 Paris [Saint-Louis, Louis-le-Grand]. Il m\u00e8ne une carri\u00e8re politique : chef, puis directeur de cabinet aupr\u00e8s de Paul Bert ; d\u00e9put\u00e9 ; ministre [Marine et colonies, Finances]. Et enfin, pour quelques mois, Pr\u00e9sident de la Chambre des d\u00e9put\u00e9s [1894].<\/p>\n","protected":false},"author":1,"featured_media":0,"comment_status":"closed","ping_status":"closed","sticky":false,"template":"","format":"standard","meta":{"footnotes":""},"categories":[42],"tags":[],"class_list":["post-1908","post","type-post","status-publish","format-standard","hentry","category-Agreges-de-philosophie"],"_links":{"self":[{"href":"https:\/\/www.textesrares.com\/pages\/wp-json\/wp\/v2\/posts\/1908","targetHints":{"allow":["GET"]}}],"collection":[{"href":"https:\/\/www.textesrares.com\/pages\/wp-json\/wp\/v2\/posts"}],"about":[{"href":"https:\/\/www.textesrares.com\/pages\/wp-json\/wp\/v2\/types\/post"}],"author":[{"embeddable":true,"href":"https:\/\/www.textesrares.com\/pages\/wp-json\/wp\/v2\/users\/1"}],"replies":[{"embeddable":true,"href":"https:\/\/www.textesrares.com\/pages\/wp-json\/wp\/v2\/comments?post=1908"}],"version-history":[{"count":1,"href":"https:\/\/www.textesrares.com\/pages\/wp-json\/wp\/v2\/posts\/1908\/revisions"}],"predecessor-version":[{"id":1909,"href":"https:\/\/www.textesrares.com\/pages\/wp-json\/wp\/v2\/posts\/1908\/revisions\/1909"}],"wp:attachment":[{"href":"https:\/\/www.textesrares.com\/pages\/wp-json\/wp\/v2\/media?parent=1908"}],"wp:term":[{"taxonomy":"category","embeddable":true,"href":"https:\/\/www.textesrares.com\/pages\/wp-json\/wp\/v2\/categories?post=1908"},{"taxonomy":"post_tag","embeddable":true,"href":"https:\/\/www.textesrares.com\/pages\/wp-json\/wp\/v2\/tags?post=1908"}],"curies":[{"name":"wp","href":"https:\/\/api.w.org\/{rel}","templated":true}]}}