{"id":1900,"date":"2021-10-03T19:03:04","date_gmt":"2021-10-03T17:03:04","guid":{"rendered":"https:\/\/www.textesrares.com\/pages\/?p=1900"},"modified":"2021-10-03T19:08:02","modified_gmt":"2021-10-03T17:08:02","slug":"pluzanski-emile-1842-1927-agrege-de-philosophie-1875","status":"publish","type":"post","link":"https:\/\/www.textesrares.com\/pages\/Agreges-de-philosophie\/pluzanski-emile-1842-1927-agrege-de-philosophie-1875.html","title":{"rendered":"Pluzanski, Emile (1842-1927), agr\u00e9g\u00e9 de philosophie (1875)"},"content":{"rendered":"\n<p>Ancien \u00e9l\u00e8ve de l\u2019\u00c9cole normale sup\u00e9rieure [1861]. Doublement agr\u00e9g\u00e9 : en grammaire [1864] et en philosophie [1875]. Passe d\u2019une fonction d\u2019enseignant [Rennes ; Troyes] \u00e0 des postes d\u2019autorit\u00e9, comme censeur, puis proviseur [Marseille ; Saint-Omer ; Chamb\u00e9ry ; Besan\u00e7on].<\/p>\n\n\n\n<!--more-->\n\n\n\n<p><br>\u00c9mile [Claude Armand] Pluzanski [1842-1927]. [Autre nom : Radwan-Pluzanski]<br>N\u00e9 le 14 mai 1842, \u00e0 Paris ; mort le 14 f\u00e9vrier 1927, \u00e0 Annecy [Haute-Savoie].<\/p>\n\n\n\n<p>\u00c9TUDES.<\/p>\n\n\n\n<p>\u00c9tudes \u00e0 Paris au lyc\u00e9e imp\u00e9rial Bonaparte [Lyc\u00e9e Condorcet].<\/p>\n\n\n\n<ol class=\"wp-block-list\" start=\"1861\"><li>\u00c9L\u00c8VE DE L&rsquo;\u00c9COLE NORMALE SUP\u00c9RIEURE.<br>\u00c9l\u00e8ve de l\u2019\u00c9cole normale sup\u00e9rieure [octobre 1861], re\u00e7u quinzi\u00e8me sur vingt re\u00e7us.<br>Sont d\u00e9clar\u00e9s re\u00e7us au concours d&rsquo;entr\u00e9e de l&rsquo;\u00c9cole normale sup\u00e9rieure, pour l&rsquo;ann\u00e9e 1861, comme \u00e9l\u00e8ves pensionnaires, section Lettres, pour une dur\u00e9e de scolarit\u00e9 de trois ans, dans l&rsquo;ordre alphab\u00e9tique, les vingt \u00e9l\u00e8ves suivants :<br>Dans l&rsquo;ordre de classement :<\/li><li>Pierre [Marie Auguste] Filon [1841-1916], agr\u00e9gation des lettres, 1864 ; 2. Samuel Risser [1841-1893], agr\u00e9gation de lettres, 1864 ; 3. Ludovic Carrau [1842-1889], agr\u00e9gation de philosophie, 1864 ; 4. Paul Lesage [NNN-1921] ; 5. Pierre Louis Martin. 6. [Nicolas] Alfred Rambaud [1842-1905], agr\u00e9gation d\u2019histoire et g\u00e9ographie, 1864 ; 7. [No\u00ebl Fran\u00e7ois] Paul Boucher [NNN-1910] ; 8. Ernest Chamonat ; 9. [Laurent Marie]. Edmond Bony [NNN-1941] agr\u00e9gation d\u2019histoire et g\u00e9ographie, 1871 ; 10. [Charles Fran\u00e7ois] Edgard Z\u00e9vort [1842-1908], agr\u00e9gation d\u2019histoire et g\u00e9ographie, 1865 ; 11. Armand [\u00c9douard] Gast\u00e9 [1838-1902], agr\u00e9gation de lettres, 1865 ; 12. [Charles] Albert Dumont [1841-1884], agr\u00e9gation d\u2019histoire et g\u00e9ographie, 1864 ; 13. F\u00e9lix Pierre Laurent ; 14. Auguste Moreau [1842-1919], agr\u00e9gation de lettres, 1866 ; 15. \u00c9mile [Claude] Pluzansky [1842-1927], agr\u00e9gation de grammaire, 1864 et agr\u00e9gation de philosophie, 1875 ; 16. Jean [Henri] Scherrer [NNN-1878], agr\u00e9gation de lettres, 1873 ; 17. Philippe Brochot [NNN-1867], agr\u00e9gation de lettres, 1866 ; 18. Auguste Bougot [1842-1892], agr\u00e9gation de grammaire, 1864 ; 19. Max Auguste Franck [NNN-1863]. 20. Didier [Anne] Delaunay [1840-1922], professeur de Litt\u00e9rature latine et Institutions romaines \u00e0 la Facult\u00e9 des Lettres de Rennes ; [non class\u00e9?] Victor \u00c9mile Aubl\u00e9 [NNN-1906].<\/li><li>AGR\u00c9GATION DE GRAMMAIRE.<br>Au sortir de l&rsquo;\u00c9cole normale sup\u00e9rieure, apr\u00e8s ses trois ans d&rsquo;\u00e9tudes, \u00c9mile Claude Pluzansky est re\u00e7u septi\u00e8me \u00e0 l&rsquo;agr\u00e9gation de grammaire de 1864, sur dix-huit re\u00e7us.<br>Trente candidats avaient \u00e9t\u00e9 d\u00e9clar\u00e9s admissibles et s\u2019\u00e9taient pr\u00e9sent\u00e9s aux \u00e9preuves orales commen\u00e7ant \u00e0 Paris le 29 ao\u00fbt 1864.<\/li><\/ol>\n\n\n\n<p>Gabriel Fort Dutrey [1792-1870], Inspecteur g\u00e9n\u00e9ral de l\u2019enseignement sup\u00e9rieur depuis f\u00e9vrier 1861, \u00e9tant pr\u00e9sident du jury, assist\u00e9 d\u2019Auguste Filon [1800-1875], vice-pr\u00e9sident, charg\u00e9 de missions d\u2019inspection g\u00e9n\u00e9rale ; d\u2019Alexis Chassang [1827-1888], ma\u00eetre de conf\u00e9rences de Langue et Litt\u00e9rature grecques \u00e0 l\u2019\u00c9cole normale sup\u00e9rieure [1860-1871] ; d\u2019Alexandre V\u00e9rien ; d\u2019\u00c9mile Pessonneaux [1821-1903], professeur au lyc\u00e9e Henri-IV ; de Victor B\u00e9tolaud [1803-1879], professeur au lyc\u00e9e Charlemagne.<\/p>\n\n\n\n<p>Sont re\u00e7us, dans l&rsquo;ordre de classement : Adolphe Vasticar [1831-1906], charg\u00e9 de la classe de quatri\u00e8me au coll\u00e8ge du Havre ; Auguste Bougot [1842-1892], \u00e9l\u00e8ve sortant de l&rsquo;\u00c9cole normale sup\u00e9rieure [1861] ; Achille Moris [1829-NNN], charg\u00e9 de cours au coll\u00e8ge Stanislas ; Joseph Jannetaz [1835-1885], charg\u00e9 de la classe de sixi\u00e8me au lyc\u00e9e de Marseille ; Jacques Arnoulin [1829-NNN], charg\u00e9 du cours d\u2019anglais au lyc\u00e9e d\u2019Alen\u00e7on ; Gaspard Paul [1824-NNN], charg\u00e9 de la classe de troisi\u00e8me au lyc\u00e9e d\u2019Auch ; \u00c9mile Pluzanski [1842-1927], \u00e9l\u00e8ve sortant de l&rsquo;\u00c9cole normale sup\u00e9rieure [1861] ; Pierre Citoleux [1837-NNN], charg\u00e9 de la classe de sixi\u00e8me au lyc\u00e9e d\u2019Angoul\u00eame ; Claude Couty [1821-NNN], charg\u00e9 de la classe de cinqui\u00e8me au lyc\u00e9e de Grenoble ; F\u00e9lix Laurent, \u00e9l\u00e8ve sortant de l&rsquo;\u00c9cole normale sup\u00e9rieure [1861] ; Joseph Peyrot [1812-NNN], charg\u00e9 de la classe de sixi\u00e8me au lyc\u00e9e de Nantes ; Fran\u00e7ois Lucas [1825-NNN], charg\u00e9 de la classe de seconde au lyc\u00e9e de Laval ; F\u00e9lix Georgel, charg\u00e9 de la classe de cinqui\u00e8me au lyc\u00e9e de Nancy [1828-NNN] ; Auguste Aubry [1832-NNN], ma\u00eetre r\u00e9p\u00e9titeur au lyc\u00e9e Napol\u00e9on ; Fran\u00e7ois Robert [1823-NNN], charg\u00e9 de la classe de cinqui\u00e8me au lyc\u00e9e d\u2019\u00c9vreux ; Joseph Leissus [1835-NNN], charg\u00e9 de la classe de troisi\u00e8me au lyc\u00e9e de Tournon ; Ars\u00e8ne Edeline [1828-NNN], ma\u00eetre r\u00e9p\u00e9titeur au lyc\u00e9e Bonaparte ; Fran\u00e7ois Aubertin [1821-NNN], charg\u00e9 de la classe de troisi\u00e8me au lyc\u00e9e d\u2019Amiens.<br>En tant qu&rsquo;anciens \u00e9l\u00e8ves de l&rsquo;\u00c9cole normale, Auguste Bougot ; \u00c9mile Pluzanski ; F\u00e9lix Laurent re\u00e7oivent un certificat d&rsquo;aptitude \u00e0 l&rsquo;agr\u00e9gation de grammaire pour les lyc\u00e9es, avec le titre de charg\u00e9 de cours ; et ne recevront le titre d\u2019agr\u00e9g\u00e9 qu\u2019ult\u00e9rieurement, deux ans plus tard, avec le titre de professeur.<\/p>\n\n\n\n<p>L\u2019arr\u00eat\u00e9, sign\u00e9 Victor Duruy est en date du 5 octobre 1864.<\/p>\n\n\n\n<p>CARRI\u00c8RE.<\/p>\n\n\n\n<ol class=\"wp-block-list\" start=\"1864\"><li>PROFESSEUR AU LYC\u00c9E DU MANS.<br>Au sortir de l&rsquo;\u00c9cole normale sup\u00e9rieure est nomm\u00e9, au 24 septembre 1864, charg\u00e9 de cours de troisi\u00e8me au lyc\u00e9e du Mans [d\u00e9partement de la Sarthe ; acad\u00e9mie de Caen], en remplacement de G. Feug\u00e8re, charg\u00e9 du cours.<br>Il y reste un an, jusqu&rsquo;au 30 septembre 1865, date de sa nomination au lyc\u00e9e d&rsquo;Alen\u00e7on.<\/li><li>PROFESSEUR AU LYC\u00c9E D&rsquo;ALEN\u00c7ON.<br>\u00c9mile Pluzanski, tout en restant dans l&rsquo;acad\u00e9mie de Caen, est nomm\u00e9 le 30 septembre 1864 professeur de troisi\u00e8me au lyc\u00e9e imp\u00e9rial d&rsquo;Alen\u00e7on [d\u00e9partement de l&rsquo;Orne], en remplacement de Profilliet.<br>Il y reste un an, jusqu&rsquo;\u00e0 sa nomination le 9 octobre 1866, \u00e0 Coutances.<br>Est remplac\u00e9 dans la classe de troisi\u00e8me au lyc\u00e9e d\u2019Alen\u00e7on par Lebrun, charg\u00e9 du cours.<\/li><li>CHARG\u00c9 DE COURS DE PHILOSOPHIE \u00c0 COUTANCES.<br>Nomm\u00e9 le 9 octobre 1866, charg\u00e9 de cours de philosophie au lyc\u00e9e imp\u00e9rial de Coutances [d\u00e9partement de la Manche ; acad\u00e9mie de Caen], en remplacement de P\u00e9tron, charg\u00e9 du cours\u00b0.<br>Il y reste trois ans jusqu&rsquo;\u00e0 sa nomination en septembre 1869 au lyc\u00e9e de Saint-Quentin.<br>Est remplac\u00e9 dans la classe de philosophie \u00e0 Coutances par Joseph Agnel, charg\u00e9 du cours, et ult\u00e9rieurement charg\u00e9 de cours de philosophie au lyc\u00e9e du Mans.<\/li><li>PROFESSEUR AU LYC\u00c9E IMP\u00c9RIAL DE SAINT-QUENTIN.<br>Par arr\u00eat\u00e9 du 3 septembre 1869, \u00c9mile Pluzanski est charg\u00e9, \u00e0 titre de suppl\u00e9ant, du cours de philosophie au lyc\u00e9e imp\u00e9rial de Saint-Quentin [d\u00e9partement de l&rsquo;Aisne ; acad\u00e9mie de Douai] pendant la dur\u00e9e du cong\u00e9 d&rsquo;un an [ann\u00e9e classique 1869-1870] accord\u00e9, \u00e0 sa demande, \u00e0 Prosper Soulli\u00e9 [1815-1895], ancien \u00e9l\u00e8ve de l&rsquo;\u00c9cole normale [1835].<br>Puis, au 30 septembre 1871, est professeur de philosophie en titre. Il reste en fonction pendant sept ans, jusqu&rsquo;\u00e0 sa nomination au lyc\u00e9e de Rennes, en septembre 1878.<br>C&rsquo;est \u00e0 l&rsquo;int\u00e9rieur de cette p\u00e9riode qu&rsquo;\u00c9mile Pluzanski se pr\u00e9sente avec succ\u00e8s, en 1875, \u00e0 l&rsquo;agr\u00e9gation de philosophie.<br>Est remplac\u00e9 comme professeur de philosophie \u00e0 Saint-Quentin par Jules Lagneau [1851-1894], agr\u00e9g\u00e9 de philosophie [7 septembre 1875] qui vient du lyc\u00e9e de Sens, o\u00f9 il \u00e9tait charg\u00e9 de cours [1875-1878].<\/li><li>AGR\u00c9GATION DE PHILOSOPHIE.<br>En septembre 1875, F\u00e9lix Ravaisson [1813-1900] \u00e9tant pr\u00e9sident du jury, sont re\u00e7us \u00e0 l\u2019agr\u00e9gation de Philosophie, dans l&rsquo;ordre de classement :<br>Gabriel S\u00e9ailles-Ransan [1852-1922], \u00e9l\u00e8ve sortant de l&rsquo;\u00c9cole normale sup\u00e9rieure [1872] ; Jean Pacaut [1851-1917], \u00e9l\u00e8ve sortant de l&rsquo;\u00c9cole normale sup\u00e9rieure [1872] ; Jules Lagneau [1851-1894], \u00e9l\u00e8ve sortant de l&rsquo;\u00c9cole normale sup\u00e9rieure [1872] ; Charles Jeanmaire [1841-1912], ancien \u00e9l\u00e8ve de l&rsquo;\u00c9cole normale sup\u00e9rieure [1863], charg\u00e9 de seconde au lyc\u00e9e de Bourg [septembre 1866-1869] ; puis charg\u00e9 de philosophie [mars 1869-1875] au lyc\u00e9e d\u2019Alger; \u00c9mile Pluzanski [1842-1927], ancien \u00e9l\u00e8ve de l&rsquo;\u00c9cole normale sup\u00e9rieure [1861], charg\u00e9 du cours de philosophie au lyc\u00e9e imp\u00e9rial de Saint-Quentin.<br>\u00c9mile Pluzanski est class\u00e9 cinqui\u00e8me sur les cinq candidats re\u00e7us, tous \u00e9l\u00e8ves sortants, ou anciens \u00e9l\u00e8ves, de l\u2019\u00c9cole normale sup\u00e9rieure.<\/li><\/ol>\n\n\n\n<p>L\u2019arr\u00eat\u00e9 minist\u00e9riel est en date du 7 septembre 1875.<\/p>\n\n\n\n<ol class=\"wp-block-list\" start=\"1878\"><li>PROFESSEUR DE PHILOSOPHIE AU LYC\u00c9E DE RENNES.<br>Trois ans apr\u00e8s l\u2019agr\u00e9gation, \u00c9mile Pluzanski est nomm\u00e9 professeur de philosophie au lyc\u00e9e national de Rennes [d\u00e9partement d&rsquo;Ille-et-Vilaine ; acad\u00e9mie de Rennes], le 23 septembre 1878, en remplacement de Didier Delaunay [1840-1922], ancien \u00e9l\u00e8ve de l&rsquo;\u00c9cole normale sup\u00e9rieure [1861], qui vient d&rsquo;\u00eatre nomm\u00e9 ma\u00eetre de conf\u00e9rences de Litt\u00e9rature latine \u00e0 la Facult\u00e9 de Rennes.<br>Pluzanski reste en poste un peu moins de dix ans, jusqu&rsquo;au 14 septembre 1887, date de sa nomination au lyc\u00e9e de Troyes.<\/li><li>DOCTORAT \u00c8S-LETTRES \u00c0 PARIS.<br>\u00c9mile Pluzanski est docteur \u00e8s-lettres [Paris, novembre 1887], avec une th\u00e8se latine : Aristotelea de natura astrorum opinio ejusque viae apud philosophos tum antiquos, tum medii aevi [Lutetiae Parisiorum : apud Ernestum Thorin editorem : 7 via de Mesicis. In-8, 145 p., MDCCCLXXXVII (1887) Table].<br>La th\u00e8se n&rsquo;est pas d\u00e9di\u00e9e.<br>Num\u00e9ris\u00e9.<br>https:\/\/archive.org\/stream\/aristoteleadenat00pluz\/aristoteleadenat00pluz_djvu.txt<\/li><\/ol>\n\n\n\n<p>La th\u00e8se, en fran\u00e7ais, a pour titre : Essai sur la philosophie de Duns Scot. Th\u00e8se pour le Doctorat \u00e8s-lettres pr\u00e9sent\u00e9 \u00e0 la Facult\u00e9 des Lettres par E. Pluzanski, professeur agr\u00e9g\u00e9 de philosophie au lyc\u00e9e de Rennes.<br>[Paris : Ernest Thorin, \u00c9diteur. 7, rue de M\u00e9dicis. In-8. 296 p., 1888]. Notice bibliographique. Table des mati\u00e8res. Errata.<br>La th\u00e8se est d\u00e9di\u00e9e : \u00ab A\/ M. Louis Robert\/Doyen de la Facult\u00e9 des Lettres de Rennes.\/ hommage affectueux \u00bb.<br>Num\u00e9ris\u00e9 : Gallica BNF.<br>http:\/\/gallica.bnf.fr\/ark:\/12148\/bpt6k206514f<\/p>\n\n\n\n<p>Num\u00e9ris\u00e9 : Hathi Trust.<br>https:\/\/catalog.hathitrust.org\/Record\/001914171?type%5B%5D=author&amp;lookfor%5B%5D=pluzanski&amp;ft=ft<\/p>\n\n\n\n<p>Louis Robert [1828-1895] est lui aussi un double agr\u00e9g\u00e9, de lettres en 1856, et de philosophie en 1863.<br>Il est professeur dans la chaire de Philosophie \u00e0 la Facult\u00e9 des Lettres de Rennes, depuis 1871, et doyen de la Facult\u00e9 depuis 1883, tandis qu\u2019\u00c9mile Pluzanski sera, \u00e0 partir de septembre 1878 professeur de philosophie au lyc\u00e9e de Rennes.<\/p>\n\n\n\n<ol class=\"wp-block-list\" start=\"1887\"><li>PROFESSEUR DE PHILOSOPHIE AU LYC\u00c9E DE TROYES.<br>Nomm\u00e9 professeur de philosophie au lyc\u00e9e de Troyes [d\u00e9partement de l\u2019Aube ; acad\u00e9mie de Dijon], le 14 septembre 1887, en remplacement de Fran\u00e7ois Ogereau [1849-NNN] [professeur de philosophie de troisi\u00e8me classe], agr\u00e9g\u00e9 de philosophie [15 septembre 1882].<br>Il y reste seulement un an, jusqu&rsquo;au 17 septembre 1888, date de sa nomination comme censeur du Petit lyc\u00e9e de Marseille.<\/li><li>CENSEUR AU PETIT LYC\u00c9E DE MARSEILLE.<br>\u00c9mile Pluzanski est nomm\u00e9 le 17 septembre 1888, censeur au Petit lyc\u00e9e de Marseille [Belle-de-Mai], en remplacement de Pierre Laurent Soulages [1837-NNN], censeur du 7 ao\u00fbt 1882 au 17 septembre 1888.<br>Il y reste seulement un an, jusqu&rsquo;au 13 ao\u00fbt 1889, date de sa nomination comme proviseur du lyc\u00e9e de Saint-Omer.<br>Est remplac\u00e9 au Petit lyc\u00e9e de Marseille par \u00c9tienne Jules Schwartz [1846-NNN], censeur du 13 ao\u00fbt 1889 au 14 ao\u00fbt 1890.<\/li><li>PROVISEUR DU LYC\u00c9E DE SAINT-OMER.<br>\u00c9mile Pluzanski est nomm\u00e9, le 13 ao\u00fbt 1889, proviseur du lyc\u00e9e de Saint-Omer [d\u00e9partement du Pas-de-Calais ; acad\u00e9mie de Douai, puis de Lille], en remplacement de Jean Fran\u00e7ois Hippolyte Dreuilh, en poste \u00e0 Saint-Omer depuis le 3 ao\u00fbt 1886, admis \u00e0 faire valoir ses droits \u00e0 la retraite.<br>\u00c9mile Pluzanski est second\u00e9 pour quelques semaines par Barbaud, censeur des \u00e9tudes,charg\u00e9 d\u00e8s le 7 septembre 1889 du cours de physique \u00e0 Lons-le-Saulnier.<\/li><li>PROVISEUR DU LYC\u00c9E DE CHAMB\u00c9RY.<br>\u00c9mile Pluzanski est nomm\u00e9, le 4 ao\u00fbt 1891, proviseur du lyc\u00e9e de Chamb\u00e9ry [d\u00e9partement de la Savoie ; acad\u00e9mie de Chamb\u00e9ry], en remplacement d\u2019Auguste Guib\u00e9, en poste \u00e0 Chamb\u00e9ry depuis le 29 septembre 1889, qui vient d\u2019\u00eatre nomm\u00e9 proviseur du lyc\u00e9e de Tours.<\/li><li>PROVISEUR DU LYC\u00c9E DE BESAN\u00c7ON.<br>\u00c9mile Pluzanski est nomm\u00e9 en ao\u00fbt 1896, proviseur du lyc\u00e9e &lt; Victor Hugo &gt; de Besan\u00e7on [d\u00e9partement du Doubs ; acad\u00e9mie de Besan\u00e7on], en remplacement de Jean Baptiste Auguste Blanchet, proviseur d\u2019ao\u00fbt 1893 \u00e0 ao\u00fbt 1896, nomm\u00e9 proviseur \u00e0 Bordeaux.<br>Il est assist\u00e9 par Michel \u00c9mile Couss\u00e9, censeur des \u00e9tudes, ancien censeur du lyc\u00e9e de M\u00e2con.<\/li><\/ol>\n\n\n\n<p>\u00c9mile Pluzanski est admis \u00e0 la retraite le 1er septembre 1901. Se retire \u00e0 Annecy.<br>Est remplac\u00e9 comme proviseur par Jean Dubourdieu, ant\u00e9rieurement proviseur \u00e0 Carcassonne, proviseur \u00e0 Besan\u00e7on de septembre 1901 \u00e0 septembre 1906, puis ult\u00e9rieurement proviseur \u00e0 Angoul\u00eame.<\/p>\n\n\n\n<p>SOURCES.<br>\u2022 Annuaire EN 1828 [Pages 17-20. Notice sign\u00e9e E. Bony ; A. Ringot, ancien proviseur du lyc\u00e9e d\u2019Annecy].<br>\u2022 Charles Fierville. Archives des lyc\u00e9es, proviseurs et censeurs, 1er mai 1802-1er juillet 1893 : documents administratifs recueillis et class\u00e9s pour la premi\u00e8re fois.<br>[Paris : Firmin-Didot. In-4. LXXXV-526 p., 1894]. Quatri\u00e8me partie : notices individuelles, page 454.<\/p>\n","protected":false},"excerpt":{"rendered":"<p>Ancien \u00e9l\u00e8ve de l\u2019\u00c9cole normale sup\u00e9rieure [1861]. Doublement agr\u00e9g\u00e9 : en grammaire [1864] et en philosophie [1875]. Passe d\u2019une fonction d\u2019enseignant [Rennes ; Troyes] \u00e0 des postes d\u2019autorit\u00e9, comme censeur, puis proviseur [Marseille ; Saint-Omer ; Chamb\u00e9ry ; Besan\u00e7on].<\/p>\n","protected":false},"author":1,"featured_media":0,"comment_status":"closed","ping_status":"closed","sticky":false,"template":"","format":"standard","meta":{"footnotes":""},"categories":[42],"tags":[],"class_list":["post-1900","post","type-post","status-publish","format-standard","hentry","category-Agreges-de-philosophie"],"_links":{"self":[{"href":"https:\/\/www.textesrares.com\/pages\/wp-json\/wp\/v2\/posts\/1900","targetHints":{"allow":["GET"]}}],"collection":[{"href":"https:\/\/www.textesrares.com\/pages\/wp-json\/wp\/v2\/posts"}],"about":[{"href":"https:\/\/www.textesrares.com\/pages\/wp-json\/wp\/v2\/types\/post"}],"author":[{"embeddable":true,"href":"https:\/\/www.textesrares.com\/pages\/wp-json\/wp\/v2\/users\/1"}],"replies":[{"embeddable":true,"href":"https:\/\/www.textesrares.com\/pages\/wp-json\/wp\/v2\/comments?post=1900"}],"version-history":[{"count":2,"href":"https:\/\/www.textesrares.com\/pages\/wp-json\/wp\/v2\/posts\/1900\/revisions"}],"predecessor-version":[{"id":1905,"href":"https:\/\/www.textesrares.com\/pages\/wp-json\/wp\/v2\/posts\/1900\/revisions\/1905"}],"wp:attachment":[{"href":"https:\/\/www.textesrares.com\/pages\/wp-json\/wp\/v2\/media?parent=1900"}],"wp:term":[{"taxonomy":"category","embeddable":true,"href":"https:\/\/www.textesrares.com\/pages\/wp-json\/wp\/v2\/categories?post=1900"},{"taxonomy":"post_tag","embeddable":true,"href":"https:\/\/www.textesrares.com\/pages\/wp-json\/wp\/v2\/tags?post=1900"}],"curies":[{"name":"wp","href":"https:\/\/api.w.org\/{rel}","templated":true}]}}