{"id":184,"date":"2011-11-14T21:07:53","date_gmt":"2011-11-14T21:07:53","guid":{"rendered":""},"modified":"2020-09-19T18:06:56","modified_gmt":"2020-09-19T16:06:56","slug":"scenes-du-debut-du-xxe-siecle","status":"publish","type":"post","link":"https:\/\/www.textesrares.com\/pages\/divers\/cartes-postales\/scenes-du-debut-du-xxe-siecle.html","title":{"rendered":"Sc\u00e8nes du d\u00e9but du XXe si\u00e8cle"},"content":{"rendered":"<p><em>Sc\u00e8nes du d\u00e9but du XXe si\u00e8cle sur des cartes postales des ann\u00e9es 1900 : soldats belges, fronti\u00e8re franco-allemande, p\u00eacheurs, berg\u00e8res et danseuses.<\/em><\/p>\n\n\n<!--more-->\n\n\n<p><strong>Arm\u00e9e belge n\u00b0 6, \u00e9cole militaire<\/strong>, illustration par Louis Geens<br \/>Cartes postale envoy\u00e9e le 06\/07\/1911.<\/p>\n<p><img loading=\"lazy\" decoding=\"async\" class=\"alignnone size-full wp-image-794\" src=\"http:\/\/wordpress.localhost\/wp-content\/uploads\/2011\/11\/armee-belge-19110706-1.jpg\" alt=\"\" width=\"508\" height=\"780\" srcset=\"https:\/\/www.textesrares.com\/pages\/wp-content\/uploads\/2011\/11\/armee-belge-19110706-1.jpg 508w, https:\/\/www.textesrares.com\/pages\/wp-content\/uploads\/2011\/11\/armee-belge-19110706-1-195x300.jpg 195w\" sizes=\"auto, (max-width: 508px) 100vw, 508px\" \/>\u00a0<span style=\"text-align: left;\"> <br \/><\/span><\/p>\n<p>E.S. 396 \u00a0<strong>Boulogne-sur-mer, famille de p\u00eacheurs<\/strong>. St\u00e9venard, \u00e9dit. Boulogne-sur-mer<br \/>Carte envoy\u00e9e en 1912.<\/p>\n<div style=\"text-align: center;\"><img loading=\"lazy\" decoding=\"async\" class=\"alignnone size-full wp-image-796\" src=\"http:\/\/wordpress.localhost\/wp-content\/uploads\/2011\/11\/boulogne-sur-mer-pecheurs-1912-1.jpg\" alt=\"\" width=\"780\" height=\"498\" srcset=\"https:\/\/www.textesrares.com\/pages\/wp-content\/uploads\/2011\/11\/boulogne-sur-mer-pecheurs-1912-1.jpg 780w, https:\/\/www.textesrares.com\/pages\/wp-content\/uploads\/2011\/11\/boulogne-sur-mer-pecheurs-1912-1-300x192.jpg 300w, https:\/\/www.textesrares.com\/pages\/wp-content\/uploads\/2011\/11\/boulogne-sur-mer-pecheurs-1912-1-768x490.jpg 768w, https:\/\/www.textesrares.com\/pages\/wp-content\/uploads\/2011\/11\/boulogne-sur-mer-pecheurs-1912-1-624x398.jpg 624w\" sizes=\"auto, (max-width: 767px) 89vw, (max-width: 1000px) 54vw, (max-width: 1071px) 543px, 580px\" \/> <img loading=\"lazy\" decoding=\"async\" class=\"alignnone size-full wp-image-797\" src=\"http:\/\/wordpress.localhost\/wp-content\/uploads\/2011\/11\/boulogne-sur-mer-pecheurs-1912-2.jpg\" alt=\"\" width=\"780\" height=\"496\" srcset=\"https:\/\/www.textesrares.com\/pages\/wp-content\/uploads\/2011\/11\/boulogne-sur-mer-pecheurs-1912-2.jpg 780w, https:\/\/www.textesrares.com\/pages\/wp-content\/uploads\/2011\/11\/boulogne-sur-mer-pecheurs-1912-2-300x191.jpg 300w, https:\/\/www.textesrares.com\/pages\/wp-content\/uploads\/2011\/11\/boulogne-sur-mer-pecheurs-1912-2-768x488.jpg 768w, https:\/\/www.textesrares.com\/pages\/wp-content\/uploads\/2011\/11\/boulogne-sur-mer-pecheurs-1912-2-624x397.jpg 624w\" sizes=\"auto, (max-width: 767px) 89vw, (max-width: 1000px) 54vw, (max-width: 1071px) 543px, 580px\" \/><\/div>\n<p>\u00a0<\/p>\n<p><strong>Camaraderie<\/strong>. Prime gratuite offerte par le Petit Parisien&#8230;<br \/>Carte envoy\u00e9e en 1910.<\/p>\n<div style=\"text-align: center;\"><img loading=\"lazy\" decoding=\"async\" class=\"alignnone size-full wp-image-798\" src=\"http:\/\/wordpress.localhost\/wp-content\/uploads\/2011\/11\/camaraderie1910-1.jpg\" alt=\"\" width=\"502\" height=\"780\" srcset=\"https:\/\/www.textesrares.com\/pages\/wp-content\/uploads\/2011\/11\/camaraderie1910-1.jpg 502w, https:\/\/www.textesrares.com\/pages\/wp-content\/uploads\/2011\/11\/camaraderie1910-1-193x300.jpg 193w\" sizes=\"auto, (max-width: 502px) 100vw, 502px\" \/> <img loading=\"lazy\" decoding=\"async\" class=\"alignnone size-full wp-image-799\" src=\"http:\/\/wordpress.localhost\/wp-content\/uploads\/2011\/11\/camaraderie1910-2.jpg\" alt=\"\" width=\"780\" height=\"509\" srcset=\"https:\/\/www.textesrares.com\/pages\/wp-content\/uploads\/2011\/11\/camaraderie1910-2.jpg 780w, https:\/\/www.textesrares.com\/pages\/wp-content\/uploads\/2011\/11\/camaraderie1910-2-300x196.jpg 300w, https:\/\/www.textesrares.com\/pages\/wp-content\/uploads\/2011\/11\/camaraderie1910-2-768x501.jpg 768w, https:\/\/www.textesrares.com\/pages\/wp-content\/uploads\/2011\/11\/camaraderie1910-2-624x407.jpg 624w\" sizes=\"auto, (max-width: 767px) 89vw, (max-width: 1000px) 54vw, (max-width: 1071px) 543px, 580px\" \/><\/div>\n<p>\u00a0<\/p>\n<p><strong>Danse mara\u00eechine. <\/strong><br \/>Un branle : La Caioun a tant dins\u00e9 \/ Que son cotillon a v\u00e9soun\u00e9.<br \/>A. Duclos, Bois-Fleuri, Nantes<br \/>Sans date<\/p>\n<div style=\"text-align: center;\"><img loading=\"lazy\" decoding=\"async\" class=\"alignnone size-full wp-image-800\" src=\"http:\/\/wordpress.localhost\/wp-content\/uploads\/2011\/11\/danse-maraichine-1.jpg\" alt=\"\" width=\"506\" height=\"780\" srcset=\"https:\/\/www.textesrares.com\/pages\/wp-content\/uploads\/2011\/11\/danse-maraichine-1.jpg 506w, https:\/\/www.textesrares.com\/pages\/wp-content\/uploads\/2011\/11\/danse-maraichine-1-195x300.jpg 195w\" sizes=\"auto, (max-width: 506px) 100vw, 506px\" \/> <img loading=\"lazy\" decoding=\"async\" class=\"alignnone size-full wp-image-801\" src=\"http:\/\/wordpress.localhost\/wp-content\/uploads\/2011\/11\/danse-maraichine-2.jpg\" alt=\"\" width=\"780\" height=\"505\" srcset=\"https:\/\/www.textesrares.com\/pages\/wp-content\/uploads\/2011\/11\/danse-maraichine-2.jpg 780w, https:\/\/www.textesrares.com\/pages\/wp-content\/uploads\/2011\/11\/danse-maraichine-2-300x194.jpg 300w, https:\/\/www.textesrares.com\/pages\/wp-content\/uploads\/2011\/11\/danse-maraichine-2-768x497.jpg 768w, https:\/\/www.textesrares.com\/pages\/wp-content\/uploads\/2011\/11\/danse-maraichine-2-624x404.jpg 624w\" sizes=\"auto, (max-width: 767px) 89vw, (max-width: 1000px) 54vw, (max-width: 1071px) 543px, 580px\" \/><\/div>\n<p>\u00a0<\/p>\n<p><strong>Danseuses de Marigny.\u00a0<\/strong><br \/>Leur pas silencieux de calmes d\u00e9it\u00e9s<br \/>Se rel\u00e8ve au seul bruit des rubans agit\u00e9s.<br \/>Carte envoy\u00e9e le 02\/03\/1908<\/p>\n<div style=\"text-align: center;\"><img loading=\"lazy\" decoding=\"async\" class=\"alignnone size-full wp-image-802\" src=\"http:\/\/wordpress.localhost\/wp-content\/uploads\/2011\/11\/danseuses-de-marigny-19080203-1.jpg\" alt=\"\" width=\"503\" height=\"780\" srcset=\"https:\/\/www.textesrares.com\/pages\/wp-content\/uploads\/2011\/11\/danseuses-de-marigny-19080203-1.jpg 503w, https:\/\/www.textesrares.com\/pages\/wp-content\/uploads\/2011\/11\/danseuses-de-marigny-19080203-1-193x300.jpg 193w\" sizes=\"auto, (max-width: 503px) 100vw, 503px\" \/> <img loading=\"lazy\" decoding=\"async\" class=\"alignnone size-full wp-image-803\" src=\"http:\/\/wordpress.localhost\/wp-content\/uploads\/2011\/11\/danseuses-de-marigny-19080203-2.jpg\" alt=\"\" width=\"780\" height=\"509\" srcset=\"https:\/\/www.textesrares.com\/pages\/wp-content\/uploads\/2011\/11\/danseuses-de-marigny-19080203-2.jpg 780w, https:\/\/www.textesrares.com\/pages\/wp-content\/uploads\/2011\/11\/danseuses-de-marigny-19080203-2-300x196.jpg 300w, https:\/\/www.textesrares.com\/pages\/wp-content\/uploads\/2011\/11\/danseuses-de-marigny-19080203-2-768x501.jpg 768w, https:\/\/www.textesrares.com\/pages\/wp-content\/uploads\/2011\/11\/danseuses-de-marigny-19080203-2-624x407.jpg 624w\" sizes=\"auto, (max-width: 767px) 89vw, (max-width: 1000px) 54vw, (max-width: 1071px) 543px, 580px\" \/><\/div>\n<p><strong>Fronti\u00e8re franco-allemande, Saales, Deutsch-frans\u00f6zische Grenze<\/strong><br \/>Carte postale envoy\u00e9e le 24\/04\/1908. <br \/><span class=\"Normal-C-C3\">Sa\u00e2les est un chef-lieu de canton de l\u2019arrondissement de Molsheim, dans le d\u00e9partement du Bas-Rhin. N&rsquo;oublions pas qu&rsquo;apr\u00e8s 1871, l&rsquo;Alsace-Lorraine faisait partie de l&rsquo;Allemagne<\/span>. Ce village se trouvait donc \u00e0 la fronti\u00e8re.<\/p>\n<p><img loading=\"lazy\" decoding=\"async\" class=\"alignnone size-full wp-image-806\" src=\"http:\/\/wordpress.localhost\/wp-content\/uploads\/2011\/11\/frontiere-franco-allemande-19080824-1.jpg\" alt=\"\" width=\"780\" height=\"492\" srcset=\"https:\/\/www.textesrares.com\/pages\/wp-content\/uploads\/2011\/11\/frontiere-franco-allemande-19080824-1.jpg 780w, https:\/\/www.textesrares.com\/pages\/wp-content\/uploads\/2011\/11\/frontiere-franco-allemande-19080824-1-300x189.jpg 300w, https:\/\/www.textesrares.com\/pages\/wp-content\/uploads\/2011\/11\/frontiere-franco-allemande-19080824-1-768x484.jpg 768w, https:\/\/www.textesrares.com\/pages\/wp-content\/uploads\/2011\/11\/frontiere-franco-allemande-19080824-1-624x394.jpg 624w\" sizes=\"auto, (max-width: 767px) 89vw, (max-width: 1000px) 54vw, (max-width: 1071px) 543px, 580px\" \/> <img loading=\"lazy\" decoding=\"async\" class=\"alignnone size-full wp-image-807\" src=\"http:\/\/wordpress.localhost\/wp-content\/uploads\/2011\/11\/frontiere-franco-allemande-19080824-2.jpg\" alt=\"\" width=\"780\" height=\"494\" srcset=\"https:\/\/www.textesrares.com\/pages\/wp-content\/uploads\/2011\/11\/frontiere-franco-allemande-19080824-2.jpg 780w, https:\/\/www.textesrares.com\/pages\/wp-content\/uploads\/2011\/11\/frontiere-franco-allemande-19080824-2-300x190.jpg 300w, https:\/\/www.textesrares.com\/pages\/wp-content\/uploads\/2011\/11\/frontiere-franco-allemande-19080824-2-768x486.jpg 768w, https:\/\/www.textesrares.com\/pages\/wp-content\/uploads\/2011\/11\/frontiere-franco-allemande-19080824-2-624x395.jpg 624w\" sizes=\"auto, (max-width: 767px) 89vw, (max-width: 1000px) 54vw, (max-width: 1071px) 543px, 580px\" \/><\/p>\n<p><strong>Granville &#8211; D\u00e9chargement d&rsquo;un morutier<\/strong><br \/>Carte envoy\u00e9e le 5 juillet 1912<\/p>\n<div style=\"text-align: center;\"><img loading=\"lazy\" decoding=\"async\" class=\"alignnone size-full wp-image-808\" src=\"http:\/\/wordpress.localhost\/wp-content\/uploads\/2011\/11\/granville-morutier-1912-1.jpg\" alt=\"\" width=\"780\" height=\"506\" srcset=\"https:\/\/www.textesrares.com\/pages\/wp-content\/uploads\/2011\/11\/granville-morutier-1912-1.jpg 780w, https:\/\/www.textesrares.com\/pages\/wp-content\/uploads\/2011\/11\/granville-morutier-1912-1-300x195.jpg 300w, https:\/\/www.textesrares.com\/pages\/wp-content\/uploads\/2011\/11\/granville-morutier-1912-1-768x498.jpg 768w, https:\/\/www.textesrares.com\/pages\/wp-content\/uploads\/2011\/11\/granville-morutier-1912-1-624x405.jpg 624w\" sizes=\"auto, (max-width: 767px) 89vw, (max-width: 1000px) 54vw, (max-width: 1071px) 543px, 580px\" \/> <img loading=\"lazy\" decoding=\"async\" class=\"alignnone size-full wp-image-809\" src=\"http:\/\/wordpress.localhost\/wp-content\/uploads\/2011\/11\/granville-morutier-1912-2.jpg\" alt=\"\" width=\"780\" height=\"509\" srcset=\"https:\/\/www.textesrares.com\/pages\/wp-content\/uploads\/2011\/11\/granville-morutier-1912-2.jpg 780w, https:\/\/www.textesrares.com\/pages\/wp-content\/uploads\/2011\/11\/granville-morutier-1912-2-300x196.jpg 300w, https:\/\/www.textesrares.com\/pages\/wp-content\/uploads\/2011\/11\/granville-morutier-1912-2-768x501.jpg 768w, https:\/\/www.textesrares.com\/pages\/wp-content\/uploads\/2011\/11\/granville-morutier-1912-2-624x407.jpg 624w\" sizes=\"auto, (max-width: 767px) 89vw, (max-width: 1000px) 54vw, (max-width: 1071px) 543px, 580px\" \/><\/div>\n<p>\u00a0<\/p>\n<p><strong>Oh ! je sais des chansons si douces !<\/strong><br \/>Pas de date.<\/p>\n<div style=\"text-align: center;\"><img loading=\"lazy\" decoding=\"async\" class=\"alignnone size-full wp-image-810\" src=\"http:\/\/wordpress.localhost\/wp-content\/uploads\/2011\/11\/oh-je-sais-des-chansons-1.jpg\" alt=\"\" width=\"514\" height=\"780\" srcset=\"https:\/\/www.textesrares.com\/pages\/wp-content\/uploads\/2011\/11\/oh-je-sais-des-chansons-1.jpg 514w, https:\/\/www.textesrares.com\/pages\/wp-content\/uploads\/2011\/11\/oh-je-sais-des-chansons-1-198x300.jpg 198w\" sizes=\"auto, (max-width: 514px) 100vw, 514px\" \/> <img loading=\"lazy\" decoding=\"async\" class=\"alignnone size-full wp-image-811\" src=\"http:\/\/wordpress.localhost\/wp-content\/uploads\/2011\/11\/oh-je-sais-des-chansons-2.jpg\" alt=\"\" width=\"512\" height=\"780\" srcset=\"https:\/\/www.textesrares.com\/pages\/wp-content\/uploads\/2011\/11\/oh-je-sais-des-chansons-2.jpg 512w, https:\/\/www.textesrares.com\/pages\/wp-content\/uploads\/2011\/11\/oh-je-sais-des-chansons-2-197x300.jpg 197w\" sizes=\"auto, (max-width: 512px) 100vw, 512px\" \/><\/div>\n<p><strong>Ostende &#8211; Baigneurs &#8211; Plage\u00a0 K36<\/strong><br \/>Carte publi\u00e9e en Belgique<\/p>\n<p align=\"center\"><img loading=\"lazy\" decoding=\"async\" class=\"alignnone size-full wp-image-812\" src=\"http:\/\/wordpress.localhost\/wp-content\/uploads\/2011\/11\/ostende-baigneurs-1.jpg\" alt=\"\" width=\"780\" height=\"501\" srcset=\"https:\/\/www.textesrares.com\/pages\/wp-content\/uploads\/2011\/11\/ostende-baigneurs-1.jpg 780w, https:\/\/www.textesrares.com\/pages\/wp-content\/uploads\/2011\/11\/ostende-baigneurs-1-300x193.jpg 300w, https:\/\/www.textesrares.com\/pages\/wp-content\/uploads\/2011\/11\/ostende-baigneurs-1-768x493.jpg 768w, https:\/\/www.textesrares.com\/pages\/wp-content\/uploads\/2011\/11\/ostende-baigneurs-1-624x401.jpg 624w\" sizes=\"auto, (max-width: 767px) 89vw, (max-width: 1000px) 54vw, (max-width: 1071px) 543px, 580px\" \/> <img loading=\"lazy\" decoding=\"async\" class=\"alignnone size-full wp-image-813\" src=\"http:\/\/wordpress.localhost\/wp-content\/uploads\/2011\/11\/ostende-baigneurs-2.jpg\" alt=\"\" width=\"780\" height=\"506\" srcset=\"https:\/\/www.textesrares.com\/pages\/wp-content\/uploads\/2011\/11\/ostende-baigneurs-2.jpg 780w, https:\/\/www.textesrares.com\/pages\/wp-content\/uploads\/2011\/11\/ostende-baigneurs-2-300x195.jpg 300w, https:\/\/www.textesrares.com\/pages\/wp-content\/uploads\/2011\/11\/ostende-baigneurs-2-768x498.jpg 768w, https:\/\/www.textesrares.com\/pages\/wp-content\/uploads\/2011\/11\/ostende-baigneurs-2-624x405.jpg 624w\" sizes=\"auto, (max-width: 767px) 89vw, (max-width: 1000px) 54vw, (max-width: 1071px) 543px, 580px\" \/><\/p>\n<h2><strong>Sc\u00e8ne de Douane \u00e0 la Fronti\u00e8re. 4 &#8211; Le rendez-vous &#8211; L&rsquo;ordre<\/strong><\/h2>\n<p>Carte envoy\u00e9e en 1909<br \/>\u00a0<img loading=\"lazy\" decoding=\"async\" class=\"alignnone size-full wp-image-816\" src=\"http:\/\/wordpress.localhost\/wp-content\/uploads\/2011\/11\/scenededouanealacampagne-190903-1.jpg\" alt=\"\" width=\"780\" height=\"504\" srcset=\"https:\/\/www.textesrares.com\/pages\/wp-content\/uploads\/2011\/11\/scenededouanealacampagne-190903-1.jpg 780w, https:\/\/www.textesrares.com\/pages\/wp-content\/uploads\/2011\/11\/scenededouanealacampagne-190903-1-300x194.jpg 300w, https:\/\/www.textesrares.com\/pages\/wp-content\/uploads\/2011\/11\/scenededouanealacampagne-190903-1-768x496.jpg 768w, https:\/\/www.textesrares.com\/pages\/wp-content\/uploads\/2011\/11\/scenededouanealacampagne-190903-1-624x403.jpg 624w\" sizes=\"auto, (max-width: 767px) 89vw, (max-width: 1000px) 54vw, (max-width: 1071px) 543px, 580px\" \/><img loading=\"lazy\" decoding=\"async\" class=\"alignnone size-full wp-image-817\" src=\"http:\/\/wordpress.localhost\/wp-content\/uploads\/2011\/11\/scenededouanealacampagne-190903-2.jpg\" alt=\"\" width=\"780\" height=\"508\" srcset=\"https:\/\/www.textesrares.com\/pages\/wp-content\/uploads\/2011\/11\/scenededouanealacampagne-190903-2.jpg 780w, https:\/\/www.textesrares.com\/pages\/wp-content\/uploads\/2011\/11\/scenededouanealacampagne-190903-2-300x195.jpg 300w, https:\/\/www.textesrares.com\/pages\/wp-content\/uploads\/2011\/11\/scenededouanealacampagne-190903-2-768x500.jpg 768w, https:\/\/www.textesrares.com\/pages\/wp-content\/uploads\/2011\/11\/scenededouanealacampagne-190903-2-624x406.jpg 624w\" sizes=\"auto, (max-width: 767px) 89vw, (max-width: 1000px) 54vw, (max-width: 1071px) 543px, 580px\" \/><\/p>\n<h2>Douane fran\u00e7aise &#8211; D\u00e9part pour l&#8217;embuscade, 1911<\/h2>\n<div><img loading=\"lazy\" decoding=\"async\" class=\"alignnone size-full wp-image-804\" src=\"http:\/\/wordpress.localhost\/wp-content\/uploads\/2011\/11\/douanefrancaise-19110331-1.jpg\" alt=\"\" width=\"780\" height=\"501\" srcset=\"https:\/\/www.textesrares.com\/pages\/wp-content\/uploads\/2011\/11\/douanefrancaise-19110331-1.jpg 780w, https:\/\/www.textesrares.com\/pages\/wp-content\/uploads\/2011\/11\/douanefrancaise-19110331-1-300x193.jpg 300w, https:\/\/www.textesrares.com\/pages\/wp-content\/uploads\/2011\/11\/douanefrancaise-19110331-1-768x493.jpg 768w, https:\/\/www.textesrares.com\/pages\/wp-content\/uploads\/2011\/11\/douanefrancaise-19110331-1-624x401.jpg 624w\" sizes=\"auto, (max-width: 767px) 89vw, (max-width: 1000px) 54vw, (max-width: 1071px) 543px, 580px\" \/> <img loading=\"lazy\" decoding=\"async\" class=\"alignnone size-full wp-image-805\" src=\"http:\/\/wordpress.localhost\/wp-content\/uploads\/2011\/11\/douanefrancaise-19110331-2.jpg\" alt=\"\" width=\"780\" height=\"509\" srcset=\"https:\/\/www.textesrares.com\/pages\/wp-content\/uploads\/2011\/11\/douanefrancaise-19110331-2.jpg 780w, https:\/\/www.textesrares.com\/pages\/wp-content\/uploads\/2011\/11\/douanefrancaise-19110331-2-300x196.jpg 300w, https:\/\/www.textesrares.com\/pages\/wp-content\/uploads\/2011\/11\/douanefrancaise-19110331-2-768x501.jpg 768w, https:\/\/www.textesrares.com\/pages\/wp-content\/uploads\/2011\/11\/douanefrancaise-19110331-2-624x407.jpg 624w\" sizes=\"auto, (max-width: 767px) 89vw, (max-width: 1000px) 54vw, (max-width: 1071px) 543px, 580px\" \/><\/div>\n<p>\u00a0<\/p>","protected":false},"excerpt":{"rendered":"<p><em>Sc&egrave;nes du d&eacute;but du XXe si&egrave;cle sur des cartes postales des ann&eacute;es 1900 : soldats belges, fronti&egrave;re franco-allemande, p&ecirc;cheurs, berg&egrave;res et danseuses.<\/em><\/p>\n","protected":false},"author":1,"featured_media":0,"comment_status":"closed","ping_status":"closed","sticky":false,"template":"","format":"standard","meta":{"footnotes":""},"categories":[38],"tags":[],"class_list":["post-184","post","type-post","status-publish","format-standard","hentry","category-cartes-postales"],"_links":{"self":[{"href":"https:\/\/www.textesrares.com\/pages\/wp-json\/wp\/v2\/posts\/184","targetHints":{"allow":["GET"]}}],"collection":[{"href":"https:\/\/www.textesrares.com\/pages\/wp-json\/wp\/v2\/posts"}],"about":[{"href":"https:\/\/www.textesrares.com\/pages\/wp-json\/wp\/v2\/types\/post"}],"author":[{"embeddable":true,"href":"https:\/\/www.textesrares.com\/pages\/wp-json\/wp\/v2\/users\/1"}],"replies":[{"embeddable":true,"href":"https:\/\/www.textesrares.com\/pages\/wp-json\/wp\/v2\/comments?post=184"}],"version-history":[{"count":2,"href":"https:\/\/www.textesrares.com\/pages\/wp-json\/wp\/v2\/posts\/184\/revisions"}],"predecessor-version":[{"id":818,"href":"https:\/\/www.textesrares.com\/pages\/wp-json\/wp\/v2\/posts\/184\/revisions\/818"}],"wp:attachment":[{"href":"https:\/\/www.textesrares.com\/pages\/wp-json\/wp\/v2\/media?parent=184"}],"wp:term":[{"taxonomy":"category","embeddable":true,"href":"https:\/\/www.textesrares.com\/pages\/wp-json\/wp\/v2\/categories?post=184"},{"taxonomy":"post_tag","embeddable":true,"href":"https:\/\/www.textesrares.com\/pages\/wp-json\/wp\/v2\/tags?post=184"}],"curies":[{"name":"wp","href":"https:\/\/api.w.org\/{rel}","templated":true}]}}