{"id":1759,"date":"2020-12-28T19:31:26","date_gmt":"2020-12-28T18:31:26","guid":{"rendered":"https:\/\/www.textesrares.com\/pages\/?p=1759"},"modified":"2020-12-28T19:31:28","modified_gmt":"2020-12-28T18:31:28","slug":"beurier-artidor-1843-1889-agrege-de-philosophie-en-1866","status":"publish","type":"post","link":"https:\/\/www.textesrares.com\/pages\/Agreges-de-philosophie\/beurier-artidor-1843-1889-agrege-de-philosophie-en-1866.html","title":{"rendered":"Beurier, Artidor (1843-1889), agr\u00e9g\u00e9 de philosophie en 1866"},"content":{"rendered":"\n<p>Major des cinq agr\u00e9g\u00e9s de l\u2019ann\u00e9e 1866, tous anciens \u00e9l\u00e8ves de l\u2019\u00c9cole normale sup\u00e9rieure. Professeur de philosophie, inspecteur d\u2019acad\u00e9mie. Sa carri\u00e8re culmine en 1887 en devenant \u00e0 Paris le troisi\u00e8me directeur du Mus\u00e9e P\u00e9dagogique.<\/p>\n\n\n\n<!--more-->\n\n\n\n<p>Artidor [Octave] Beurier [1843-1889]. N\u00e9 le 20 avril 1843, \u00e0 Flix\u00e9court [Somme] ; mort le 10 d\u00e9cembre 1889, \u00e0 Paris [Seine].<\/p>\n\n\n\n<p>\u00c9TUDES.<br>\u00c9l\u00e8ve \u00e0 Paris du coll\u00e8ge Sainte-Barbe.<br>Ancien \u00e9l\u00e8ve de l\u2019\u00c9cole normale sup\u00e9rieure [8 ao\u00fbt 1863]. 5\/16.<br>Agr\u00e9gation de philosophie [29 ao\u00fbt 1866]. 1\/5.<br>Sont re\u00e7us en 1866 : Artidor Beurier [1843-1889], \u00e9l\u00e8ve sortant de l\u2019\u00c9cole normale sup\u00e9rieure [1863] ; Philippe Penjon [1843-1919], \u00e9l\u00e8ve sortant de l\u2019\u00c9cole normale sup\u00e9rieure [1863] ; Gabriel Compayr\u00e9 [1843-1913], ancien \u00e9l\u00e8ve de l\u2019\u00c9cole normale sup\u00e9rieure [1862] ; Jules \u00c9mile Alaux [1828-1903], ancien \u00e9l\u00e8ve de l\u2019\u00c9cole normale sup\u00e9rieure [1850] ; Th\u00e9odule Ribot [1839-1916], ancien \u00e9l\u00e8ve de l\u2019\u00c9cole normale sup\u00e9rieure [1862].<\/p>\n\n\n\n<p>CARRI\u00c8RE.<br>Charg\u00e9 du cours de philosophie au lyc\u00e9e imp\u00e9rial de Chamb\u00e9ry [1866-1868], en remplacement de l\u2019abb\u00e9 Fran\u00e7ois Antoine Gondran.<br>Professeur de morale et de litt\u00e9rature au lyc\u00e9e imp\u00e9rial de Mont-de-Marsan [13 f\u00e9vrier 1868], en remplacement de Charles Fierville [1833-1904], promu aux fonctions de censeur du lyc\u00e9e.<br>Professeur au lyc\u00e9e imp\u00e9rial de N\u00eemes [3 septembre 1869-1871], en remplacement d&rsquo;Antoine Gratacap [1831-c.1871], nomm\u00e9 charg\u00e9 de cours de philosophie \u00e0 la Facult\u00e9 des Lettres de Besan\u00e7on.<br>Mut\u00e9 comme suppl\u00e9ant du cours de philosophie au lyc\u00e9e de Douai [avril 1871].<br>Cong\u00e9 d\u2019inactivit\u00e9. Activit\u00e9 journalistique \u00e0 Bordeaux.<br>Inspecteur d\u2019acad\u00e9mie du Pas-de-Calais, en r\u00e9sidence \u00e0 Arras [f\u00e9vrier 1878].<br>D\u00e9l\u00e9gu\u00e9 au Minist\u00e8re de l\u2019Instruction publique, avec rang de chef de bureau [1883].<br>Inspecteur d\u2019acad\u00e9mie \u00e0 Marseille [1885], en remplacement d\u2019Alexandre Vessiot [1829-1908], nomm\u00e9 inspecteur hors-cadre de l\u2019acad\u00e9mie de Paris.<br>Inspecteur g\u00e9n\u00e9ral de l\u2019enseignement primaire, en tant que Directeur du Mus\u00e9e p\u00e9dagogique [23 septembre 1887], \u00e9tablissement cr\u00e9\u00e9 en 1879, en remplacement de F\u00e9lix Louis Martel [1852-1924], directeur \u00e0 titre provisoire, nomm\u00e9 au coll\u00e8ge Chaptal.<br>D\u00e9c\u00e9d\u00e9 en fonction le 10 d\u00e9cembre 1889.<\/p>\n\n\n\n<p>HONNEUR.<br>Officier de l\u2019Instruction publique [6 janvier 1879].<\/p>\n\n\n\n<p>SOURCES.<br>\u2022 Annuaire EN 1890 [Pages 49-51. Notice Antoine Benoist].<br>\u2022 https:\/\/data.bnf.fr\/fr\/10721601\/artidor_beurier\/<br>\u2022 https:\/\/www.idref.fr\/123392624<br>\u2022 Isabelle Havelange, Fran\u00e7oise Huguet, Bernadette Lebedef. Les inspecteurs g\u00e9n\u00e9raux de l\u2019instruction publique. Dictionnaire biographique 1802-1914.<br>https:\/\/www.persee.fr\/doc\/inrp_0298-5632_1986_ant_11_1_6212<br>\u2022 Dictionnaire de p\u00e9dagogie et d\u2019instruction primaire de Ferdinand Buisson : r\u00e9pertoire biographique des auteurs.<br>https:\/\/www.persee.fr\/doc\/inrp_0000-0000_2002_ant_17_1_7573<\/p>\n","protected":false},"excerpt":{"rendered":"<p>Major des cinq agr\u00e9g\u00e9s de l\u2019ann\u00e9e 1866, tous anciens \u00e9l\u00e8ves de l\u2019\u00c9cole normale sup\u00e9rieure. Professeur de philosophie, inspecteur d\u2019acad\u00e9mie. Sa carri\u00e8re culmine en 1887 en devenant \u00e0 Paris le troisi\u00e8me directeur du Mus\u00e9e P\u00e9dagogique.<\/p>\n","protected":false},"author":1,"featured_media":0,"comment_status":"closed","ping_status":"closed","sticky":false,"template":"","format":"standard","meta":{"footnotes":""},"categories":[42],"tags":[],"class_list":["post-1759","post","type-post","status-publish","format-standard","hentry","category-Agreges-de-philosophie"],"_links":{"self":[{"href":"https:\/\/www.textesrares.com\/pages\/wp-json\/wp\/v2\/posts\/1759","targetHints":{"allow":["GET"]}}],"collection":[{"href":"https:\/\/www.textesrares.com\/pages\/wp-json\/wp\/v2\/posts"}],"about":[{"href":"https:\/\/www.textesrares.com\/pages\/wp-json\/wp\/v2\/types\/post"}],"author":[{"embeddable":true,"href":"https:\/\/www.textesrares.com\/pages\/wp-json\/wp\/v2\/users\/1"}],"replies":[{"embeddable":true,"href":"https:\/\/www.textesrares.com\/pages\/wp-json\/wp\/v2\/comments?post=1759"}],"version-history":[{"count":1,"href":"https:\/\/www.textesrares.com\/pages\/wp-json\/wp\/v2\/posts\/1759\/revisions"}],"predecessor-version":[{"id":1760,"href":"https:\/\/www.textesrares.com\/pages\/wp-json\/wp\/v2\/posts\/1759\/revisions\/1760"}],"wp:attachment":[{"href":"https:\/\/www.textesrares.com\/pages\/wp-json\/wp\/v2\/media?parent=1759"}],"wp:term":[{"taxonomy":"category","embeddable":true,"href":"https:\/\/www.textesrares.com\/pages\/wp-json\/wp\/v2\/categories?post=1759"},{"taxonomy":"post_tag","embeddable":true,"href":"https:\/\/www.textesrares.com\/pages\/wp-json\/wp\/v2\/tags?post=1759"}],"curies":[{"name":"wp","href":"https:\/\/api.w.org\/{rel}","templated":true}]}}